{"id":9423,"date":"2022-09-22T01:02:43","date_gmt":"2022-09-22T01:02:43","guid":{"rendered":"https:\/\/www.notiflashmexiquense.com.mx\/?p=9423"},"modified":"2022-09-22T01:02:44","modified_gmt":"2022-09-22T01:02:44","slug":"demanda-faustino-de-la-cruz-al-gem-transparente-y-eficiente-recursos-publicos","status":"publish","type":"post","link":"https:\/\/www.notiflashmexiquense.com.mx\/?p=9423","title":{"rendered":"Demanda Faustino de la Cruz al GEM transparente y eficiente recursos p\u00fablicos"},"content":{"rendered":"\n<p>\uf0fc Cuestion\u00f3 al GEM si considera prioritario el tema de protecci\u00f3n civil, desde 2017 a\u00fan hay planteles que no se han reconstruido y no atendi\u00f3 da\u00f1os por inundaciones en Ecatepec y Tlalnepantla.<\/p>\n\n\n\n<p>\uf0fc Fundamental pol\u00edticas p\u00fablicas de concertaci\u00f3n y coordinaci\u00f3n para la consolidaci\u00f3n de una cultura de prevenci\u00f3n y autoprotecci\u00f3n: Marisol Mercado<\/p>\n\n\n\n<p>\uf0fc Exhorta Abraham Saron\u00e9 a enfocarse a la presentaci\u00f3n de la nueva Ley de Educaci\u00f3n<\/p>\n\n\n\n<p>Toluca, M\u00e9x., 21 de septiembre de 2022. La protecci\u00f3n civil debe ser uno de los temas prioritarios para el gobierno del Estado de M\u00e9xico, afirm\u00f3 el diputado local de Morena, Faustino de la Cruz, y para ello, debe eficientar el presupuesto, transparentarlo e incrementar el monto, por parte de la Legislatura, a la vez que cuestion\u00f3 s\u00ed el gobierno lo considera prioritario, porque los desastres no solamente son por cuestiones de sismos, desde 2017 a\u00fan hay planteles que no se han reconstruido y tampoco atendi\u00f3 los da\u00f1os por inundaciones en los municipios de Ecatepec y Tlalnepantla.<\/p>\n\n\n\n<p>En reuni\u00f3n de trabajo de las comisiones unidas de Educaci\u00f3n, Cultura, Ciencia y Tecnolog\u00eda con Gesti\u00f3n Integral de Riesgos y Protecci\u00f3n Civil, que presidi\u00f3 el diputado Abraham Saron\u00e9 Campos, el legislador record\u00f3 que el a\u00f1o pasado, tras las inundaciones, \u201cdesde el Congreso Local se exhort\u00f3 al gobierno del estado, que se ampliar\u00e1 el monto presupuestal, as\u00ed como que se nos informaran sobre el ejercicio del presupuesto y nunca lleg\u00f3 respuesta\u201d.<\/p>\n\n\n\n<p>Agreg\u00f3, el diputado de Ecatepec, hay un Fondo de Atenci\u00f3n a Desastres y siniestros, de 100 millones de pesos, por m\u00e1s que insistimos se incrementar\u00e1, informara y se aplicar\u00e1n esos recursos a Ecatepec, no se atendi\u00f3, lo mismo, en el cerro del Chiquihuite, un desgajamiento que cost\u00f3 vidas y que tampoco se brind\u00f3 la atenci\u00f3n, fue el gobierno Federal quien intervino y el gobierno municipal de Tlalnepantla, en ese entonces encabezado por Raciel P\u00e9rez.<\/p>\n\n\n\n<p>El legislador de Morena, fungi\u00f3 como secretario de la reuni\u00f3n de trabajo de las comisiones unidas, donde se analiza la iniciativa del PAN, que propone incluir como materia la protecci\u00f3n civil, con la finalidad que dentro de los programas educativos se brinde educaci\u00f3n y capacitaci\u00f3n en materia de protecci\u00f3n civil, a trav\u00e9s de adiciones a la Ley de Educaci\u00f3n del Estado de M\u00e9xico, al respecto el tambi\u00e9n docente coment\u00f3, que como director escolar, con instrucciones o sin instrucci\u00f3n es una es parte del compromiso por una cultura de la prevenci\u00f3n.<br>Al presidir la sesi\u00f3n, el diputado Abraham Saron\u00e9 Campos, afirm\u00f3 que tras dos a\u00f1os de pandemia de lo que se trata es de no dar m\u00e1s carga a los docentes ni trabajos extras, pero habr\u00e1 que encausar el an\u00e1lisis de la iniciativa, porque es el tema de prevenci\u00f3n es muy importante, para tener una visi\u00f3n general, y tomar una decisi\u00f3n asertiva a favor de los alumnos, maestros y padres de familia.<\/p>\n\n\n\n<p>Al tomar la palabra la presidenta de la Comisi\u00f3n de Gesti\u00f3n Integral de Riesgos y Protecci\u00f3n Civil, Marisol Mercado expres\u00f3 \u201ces fundamental formular pol\u00edticas p\u00fablicas de concertaci\u00f3n y coordinaci\u00f3n que trasciendan en la consolidaci\u00f3n de una cultura de prevenci\u00f3n y autoprotecci\u00f3n, garantizando a la ciudadan\u00eda la seguridad en caso de enfrentarse a una emergencia y se debe hacer en las escuelas\u201d.<\/p>\n\n\n\n<p>La diputada de Morena, propuso que esta materia debe ser pr\u00e1ctica, para dar capacitaci\u00f3n a los ni\u00f1os y a los maestros, ser\u00eda un enroque, una actualizaci\u00f3n de riesgos, incluy\u00e9ndose a los tres sectores de gobierno para salvaguardar a la ciudadan\u00eda. \u201cNos toca a nosotros prevenir antes que lamentar\u201d, subray\u00f3.<\/p>\n\n\n\n<p>Tambi\u00e9n, el presidente de la Comisi\u00f3n de Educaci\u00f3n, Cultura, Ciencia y Tecnolog\u00eda, Abraham Saron\u00e9, tras los comentarios de la diputada del PT, Trinidad Franco asegur\u00f3 \u201cuna de las grandes luchas magisteriales ha sido la de buscar generar una descarga de trabajo al magisterio\u201d.<\/p>\n\n\n\n<p>Ante los integrantes de la comisi\u00f3n que preside, refiri\u00f3, ya est\u00e1 pr\u00e1cticamente en proceso la armonizaci\u00f3n la Ley y como parte del plan de trabajo es que todas y cada una de las iniciativas que han presentado en el pleno los distintos grupos parlamentarios estar\u00e1n siendo revisadas para buscar la viabilidad y consider\u00f3 que la iniciativa del PAN, hay forma de poder incursionarla, pero ponder\u00f3 la recuperaci\u00f3n de los aprendizajes que no se alcanzaron a consolidar en la educaci\u00f3n a distancia, como el rubro del lenguaje y comunicaci\u00f3n, del pensamiento matem\u00e1tico. Y exhort\u00f3 a los integrantes para evitar hacer enmiendas a distintos art\u00edculos, para enfocarse a la presentaci\u00f3n de la nueva Ley de Educaci\u00f3n.<\/p>\n\n\n\n<p>Por otra parte, en sesi\u00f3n previa la Comisi\u00f3n de Educaci\u00f3n, Cultura, Ciencia y Tecnolog\u00eda, analiz\u00f3 la iniciativa del PRI, que busca crear el organismo p\u00fablico descentralizado de car\u00e1cter estatal denominado Colegio de Estudios Cient\u00edficos y Tecnol\u00f3gicos del Estado de M\u00e9xico, con el prop\u00f3sito de armonizar su operatividad con el marco legal bajo el cual ya opera la educaci\u00f3n dual en planteles de educaci\u00f3n media superior y superior de la entidad.<\/p>\n\n\n\n<p>A propuesta de Saron\u00e9 Campos, se aprob\u00f3 que el titular del Colegio de Estudios Cient\u00edficos y Tecnol\u00f3gicos del Estado de M\u00e9xico (Ignacio Rub\u00ed Salazar), acuda al Congreso local para que aporte un informe de toda la operatividad, estatus, resultados y retos de la educaci\u00f3n dual. Y concluy\u00f3, \u201choy como legisladores tenemos la obligaci\u00f3n de hacer una investigaci\u00f3n sobre el tema, analizar y revisar y hacernos de la investigaci\u00f3n necesaria para tomar la mejor decisi\u00f3n\u201d, concluy\u00f3.<\/p>\n","protected":false},"excerpt":{"rendered":"<p>&#61692; Cuestion&oacute; al GEM si considera prioritario el tema de protecci&oacute;n civil, desde 2017 a&uacute;n&#8230;<\/p>\n","protected":false},"author":1,"featured_media":9424,"comment_status":"closed","ping_status":"closed","sticky":false,"template":"","format":"standard","meta":{"footnotes":""},"categories":[42],"tags":[],"class_list":["post-9423","post","type-post","status-publish","format-standard","has-post-thumbnail","hentry","category-legislatura-mexiquense-nueva-etapa"],"_links":{"self":[{"href":"https:\/\/www.notiflashmexiquense.com.mx\/index.php?rest_route=\/wp\/v2\/posts\/9423","targetHints":{"allow":["GET"]}}],"collection":[{"href":"https:\/\/www.notiflashmexiquense.com.mx\/index.php?rest_route=\/wp\/v2\/posts"}],"about":[{"href":"https:\/\/www.notiflashmexiquense.com.mx\/index.php?rest_route=\/wp\/v2\/types\/post"}],"author":[{"embeddable":true,"href":"https:\/\/www.notiflashmexiquense.com.mx\/index.php?rest_route=\/wp\/v2\/users\/1"}],"replies":[{"embeddable":true,"href":"https:\/\/www.notiflashmexiquense.com.mx\/index.php?rest_route=%2Fwp%2Fv2%2Fcomments&post=9423"}],"version-history":[{"count":1,"href":"https:\/\/www.notiflashmexiquense.com.mx\/index.php?rest_route=\/wp\/v2\/posts\/9423\/revisions"}],"predecessor-version":[{"id":9425,"href":"https:\/\/www.notiflashmexiquense.com.mx\/index.php?rest_route=\/wp\/v2\/posts\/9423\/revisions\/9425"}],"wp:featuredmedia":[{"embeddable":true,"href":"https:\/\/www.notiflashmexiquense.com.mx\/index.php?rest_route=\/wp\/v2\/media\/9424"}],"wp:attachment":[{"href":"https:\/\/www.notiflashmexiquense.com.mx\/index.php?rest_route=%2Fwp%2Fv2%2Fmedia&parent=9423"}],"wp:term":[{"taxonomy":"category","embeddable":true,"href":"https:\/\/www.notiflashmexiquense.com.mx\/index.php?rest_route=%2Fwp%2Fv2%2Fcategories&post=9423"},{"taxonomy":"post_tag","embeddable":true,"href":"https:\/\/www.notiflashmexiquense.com.mx\/index.php?rest_route=%2Fwp%2Fv2%2Ftags&post=9423"}],"curies":[{"name":"wp","href":"https:\/\/api.w.org\/{rel}","templated":true}]}}