{"id":9398,"date":"2022-09-21T06:02:45","date_gmt":"2022-09-21T06:02:45","guid":{"rendered":"https:\/\/www.notiflashmexiquense.com.mx\/?p=9398"},"modified":"2022-09-21T06:02:46","modified_gmt":"2022-09-21T06:02:46","slug":"unidad-y-trabajo-forjan-al-pri-eric-sevilla","status":"publish","type":"post","link":"https:\/\/www.notiflashmexiquense.com.mx\/?p=9398","title":{"rendered":"UNIDAD Y TRABAJO FORJAN AL PRI: ERIC SEVILLA"},"content":{"rendered":"\n<p>\u00b7&nbsp;&nbsp;&nbsp;&nbsp;&nbsp;&nbsp;Tenemos una cita con la historia en el 2023 y el primer priista se la juega con su partido, sostuvo el dirigente estatal.<\/p>\n\n\n\n<p>El priismo mexiquense unido y organizado est\u00e1 m\u00e1s que puesto para defender la bandera de la justicia social, afirm\u00f3 el presidente del Comit\u00e9 Directivo Estatal (CDE), Eric Sevilla, al dejar en claro que el primer priista del Estado de M\u00e9xico es&nbsp;un gobernador responsable, respetuoso de las instituciones del pa\u00eds y con un trabajo que para el PRI es su mejor activo.<\/p>\n\n\n\n<p>Por eso no tengan duda y que se acabe cualquier rumor, todos los priistas estamos en unidad para ganar la elecci\u00f3n del 2023, manifest\u00f3 el l\u00edder partidista, al se\u00f1alar que \u201chay mucho PRI para seguir escribiendo la historia del pa\u00eds con la fuerza del primer priista del Estado de M\u00e9xico\u201d.<\/p>\n\n\n\n<p>\u201cEstamos m\u00e1s que listos con una militancia que no se amilana ante las adversidades y para emprender la madre de todas las batallas electorales\u201d, sostuvo el presidente del CDE del PRI. Dijo que existe una militancia priista insuperable y que tiene la responsabilidad de defender un proyecto de naci\u00f3n.<\/p>\n\n\n\n<p>El dirigente estatal priista manifest\u00f3 que el proceso del 2023 ser\u00e1 una elecci\u00f3n in\u00e9dita y la m\u00e1s competida, \u201cpor eso hemos dicho que tenemos una cita con la historia y los priistas est\u00e1n listos y m\u00e1s que preparados para trabajar en unidad ante una r\u00e9gimen improvisado y de ocurrencias\u201d.&nbsp;<\/p>\n\n\n\n<p>Con la reestructuraci\u00f3n interna del PRI, el l\u00edder partidista puntualiz\u00f3 que \u201cno s\u00f3lo se cumple con un lineamiento estatutario, sino que vamos a preparar a los ej\u00e9rcitos para la pr\u00f3xima elecci\u00f3n, somos m\u00e1s de 75 mil priistas en dirigencias municipales y seccionales que se renuevan con orden y disciplina\u201d.\u201cVamos a fortalecer esas estructuras con proyecto y contenido ante un M\u00e9xico que se encuentra en el peor de sus momentos con un r\u00e9gimen que destruye instituciones y, por supuesto, que no somos iguales, nosotros si queremos al pa\u00eds\u201d, agreg\u00f3.<\/p>\n\n\n\n<p>El pa\u00eds no necesita m\u00e1s enga\u00f1os ni polarizaciones y por lo mismo le vamos a poner un alto al r\u00e9gimen de ocurrencias, \u201cno se confundan con el primer priista vamos a ganar el Estado de M\u00e9xico\u201d, finaliz\u00f3 el dirigente del PRI<\/p>\n","protected":false},"excerpt":{"rendered":"<p>&middot;&nbsp;&nbsp;&nbsp;&nbsp;&nbsp;&nbsp;Tenemos una cita con la historia en el 2023 y el primer priista se la&#8230;<\/p>\n","protected":false},"author":1,"featured_media":9399,"comment_status":"closed","ping_status":"closed","sticky":false,"template":"","format":"standard","meta":{"footnotes":""},"categories":[65],"tags":[],"class_list":["post-9398","post","type-post","status-publish","format-standard","has-post-thumbnail","hentry","category-pri-estado-de-mexico"],"_links":{"self":[{"href":"https:\/\/www.notiflashmexiquense.com.mx\/index.php?rest_route=\/wp\/v2\/posts\/9398","targetHints":{"allow":["GET"]}}],"collection":[{"href":"https:\/\/www.notiflashmexiquense.com.mx\/index.php?rest_route=\/wp\/v2\/posts"}],"about":[{"href":"https:\/\/www.notiflashmexiquense.com.mx\/index.php?rest_route=\/wp\/v2\/types\/post"}],"author":[{"embeddable":true,"href":"https:\/\/www.notiflashmexiquense.com.mx\/index.php?rest_route=\/wp\/v2\/users\/1"}],"replies":[{"embeddable":true,"href":"https:\/\/www.notiflashmexiquense.com.mx\/index.php?rest_route=%2Fwp%2Fv2%2Fcomments&post=9398"}],"version-history":[{"count":1,"href":"https:\/\/www.notiflashmexiquense.com.mx\/index.php?rest_route=\/wp\/v2\/posts\/9398\/revisions"}],"predecessor-version":[{"id":9400,"href":"https:\/\/www.notiflashmexiquense.com.mx\/index.php?rest_route=\/wp\/v2\/posts\/9398\/revisions\/9400"}],"wp:featuredmedia":[{"embeddable":true,"href":"https:\/\/www.notiflashmexiquense.com.mx\/index.php?rest_route=\/wp\/v2\/media\/9399"}],"wp:attachment":[{"href":"https:\/\/www.notiflashmexiquense.com.mx\/index.php?rest_route=%2Fwp%2Fv2%2Fmedia&parent=9398"}],"wp:term":[{"taxonomy":"category","embeddable":true,"href":"https:\/\/www.notiflashmexiquense.com.mx\/index.php?rest_route=%2Fwp%2Fv2%2Fcategories&post=9398"},{"taxonomy":"post_tag","embeddable":true,"href":"https:\/\/www.notiflashmexiquense.com.mx\/index.php?rest_route=%2Fwp%2Fv2%2Ftags&post=9398"}],"curies":[{"name":"wp","href":"https:\/\/api.w.org\/{rel}","templated":true}]}}