{"id":9386,"date":"2022-09-20T23:58:41","date_gmt":"2022-09-20T23:58:41","guid":{"rendered":"https:\/\/www.notiflashmexiquense.com.mx\/?p=9386"},"modified":"2022-09-20T23:58:42","modified_gmt":"2022-09-20T23:58:42","slug":"pide-morena-intensificar-acciones-para-atajar-tala-clandestina-en-edomex","status":"publish","type":"post","link":"https:\/\/www.notiflashmexiquense.com.mx\/?p=9386","title":{"rendered":"Pide Morena intensificar acciones para atajar tala clandestina en Edomex"},"content":{"rendered":"\n<p>\uf0fc Denuncias de vecinas y vecinos de Lerma deben ser atendidas a la brevedad: M\u00f3nica \u00c1lvarez Nemer<\/p>\n\n\n\n<p>\uf0fc El exhorto avalado por todos los grupos parlamentarios ser\u00e1 enviado a PROFEPA, PROBOSQUE y FGJEM<\/p>\n\n\n\n<p>Toluca, M\u00e9x, 20 de septiembre de 2022.- Intensificar acciones para atajar a los taladores clandestinos que siguen devastando zonas boscosas del territorio mexiquense, fue el exhorto emitido por la diputada M\u00f3nica \u00c1lvarez Nemer, a nombre del Grupo Parlamentario de Morena a la Delegaci\u00f3n de la Procuradur\u00eda Federal de Protecci\u00f3n al Ambiente (PROFEPA); Direcci\u00f3n General de la Protectora de Bosques del Estado de M\u00e9xico (PROBOSQUE) y Fiscal\u00eda General de Justicia local (FGJEM).<\/p>\n\n\n\n<p>Durante la sesi\u00f3n del pleno, por unanimidad de votos se aval\u00f3 la propuesta, de la diputada de Toluca, M\u00f3nica \u00c1lvarez, quien precis\u00f3 que en el \u00e1mbito de sus respectivas funciones y ejerciendo sus atribuciones, los titulares de las referidas dependencias deben reforzar las acciones necesarias para disminuir y erradicar la comisi\u00f3n de delitos relacionados con la tala y extracci\u00f3n ilegal de madera en todo el territorio estatal.<\/p>\n\n\n\n<p>Desde la m\u00e1xima tribuna del Congreso local explic\u00f3 que las funciones de PROBOSQUE se basan en el desarrollo de las actividades consientes en el aprovechamiento razonable de las zonas boscosas de la entidad.<\/p>\n\n\n\n<p>Apunt\u00f3 que otra de sus funciones de dicha dependencia estatal es la Conservaci\u00f3n Forestal mediante la ejecuci\u00f3n de programas que permiten mantener y preservar la masa forestal, para lo cual llevan a cabo actividades de prevenci\u00f3n y combate de incendios, sanidad e inspecci\u00f3n y vigilancia, orientado un manejo sustentable de los recursos forestales en beneficio de los due\u00f1os y poseedores del bosque y los habitantes del Estado de M\u00e9xico.<\/p>\n\n\n\n<p>Tambi\u00e9n record\u00f3 que PROBOSQUE ejerce funciones de manejo de programas y uno de ellos es el denominado \u201cDe Inspecci\u00f3n y Vigilancia Forestal\u201d, que tiene por objeto salvaguardar los recursos forestales a trav\u00e9s de la evaluaci\u00f3n y seguimiento t\u00e9cnico de las actividades de protecci\u00f3n, conservaci\u00f3n, dictaminaci\u00f3n, capacitaci\u00f3n, restauraci\u00f3n y fomento de los recursos forestales en la entidad.<br>A trav\u00e9s de dicho mecanismo, subray\u00f3 M\u00f3nica \u00c1lvarez, se realiza la verificaci\u00f3n f\u00edsica en campo de manera coordinada, con el fin orientar, inducir y dar seguimiento para su cumplimiento, contribuyendo al desarrollo forestal sustentable, insisti\u00f3. Programa en el que coadyuva la FGJEM, cuando tiene conocimiento de acciones o conductas relacionadas con da\u00f1os al medio ambiente.<\/p>\n\n\n\n<p>En este tenor la diputada, record\u00f3 que el 12 de octubre de 2020 PROBOSQUE autoriz\u00f3 a los representantes del Ejido de La Cima perteneciente al poblado de San Mateo Atarasquillo de Lerma, el aprovechamiento forestal maderable y la ejecuci\u00f3n del programa de manejo forestal a nivel intermedio, emitiendo para ello el dictamen jur\u00eddico positivo n\u00famero 225C0201000100S\/0070\/2020 de fecha 8 de diciembre de 2020 relacionado con el dictamen t\u00e9cnico positivo n\u00famero 225C0201020006L\/DT\/106\/2020 de fecha 11 de diciembre de 2020, considerando tambi\u00e9n la opini\u00f3n positiva del Comit\u00e9 de fomento a la producci\u00f3n forestal dependiente del Consejo Forestal del Estado de M\u00e9xico de fecha 18 de diciembre de 2020.<\/p>\n\n\n\n<p>Ese permiso, narr\u00f3 la diputada M\u00f3nica \u00c1lvarez, pese a tener especificaciones y condiciones para su otorgamiento, no ha sido cumplido a cabalidad, ya que de acuerdo a versiones de los residentes de la comunidad de la Ca\u00f1ada de Alf\u00e9rez del municipio mexiquense de Lerma (ubicado en el Valle de Toluca), han notado con profunda preocupaci\u00f3n entre otras cosas, derribo de \u00e1rboles, el ritmo de extracci\u00f3n de trozos se ha acelerado en los \u00faltimos meses con un n\u00famero de entre 5 y 8 camiones diarios que circulan d\u00eda y noche la mayor\u00eda con placas de Michoac\u00e1n, actualmente los veh\u00edculos portan otras mantas con diversos vencimientos.<\/p>\n\n\n\n<p>Lo m\u00e1s grave a\u00fan, dijo M\u00f3nica \u00c1lvarez, pese a ser una condicionante del permiso y una obligaci\u00f3n de PROBOSQUE, no se ha llevado a cabo una \u201csupervisi\u00f3n peri\u00f3dica del cumplimiento de la autorizaci\u00f3n\u201d.<\/p>\n\n\n\n<p>Por lo anterior, expuso, los ciudadanos han hecho distintas denuncias tanto a la Fiscal\u00eda General de Justicia del Estado de M\u00e9xico, como a la Procuradur\u00eda Federal de Protecci\u00f3n al Ambiente, \u201csin obtener respuesta alguna o bien seguimiento a las denuncias respectivas, mismas que se identifican con los siguientes datos\u201d: Denuncia PROFEPA Delegaci\u00f3n Estado de M\u00e9xico folio 154-21 de fecha 2 de junio del 2021; denuncia Fiscal\u00eda General de Justicia del Estado de M\u00e9xico folio predenuncia\/web\/0275463\/22\/03 de fecha 12 de agosto de 2021.<\/p>\n\n\n\n<p>\u201cDenuncias que al d\u00eda de hoy no han hecho eco en las autoridades, raz\u00f3n que es suficiente para hacer uso de la m\u00e1xima tribuna estatal con la finalidad de externar v\u00e1lidamente la preocupaci\u00f3n de ciudadanos por el deterioro y la posible tala clandestina de bosques en territorio mexiquense\u201d, concluy\u00f3 la diputada M\u00f3nica \u00c1lvarez Nemer, a nombre de las y los integrantes del Grupo Parlamentario de Morena en el Congreso mexiquense.<\/p>\n","protected":false},"excerpt":{"rendered":"<p>&#61692; Denuncias de vecinas y vecinos de Lerma deben ser atendidas a la brevedad: M&oacute;nica&#8230;<\/p>\n","protected":false},"author":1,"featured_media":9387,"comment_status":"closed","ping_status":"closed","sticky":false,"template":"","format":"standard","meta":{"footnotes":""},"categories":[42],"tags":[],"class_list":["post-9386","post","type-post","status-publish","format-standard","has-post-thumbnail","hentry","category-legislatura-mexiquense-nueva-etapa"],"_links":{"self":[{"href":"https:\/\/www.notiflashmexiquense.com.mx\/index.php?rest_route=\/wp\/v2\/posts\/9386","targetHints":{"allow":["GET"]}}],"collection":[{"href":"https:\/\/www.notiflashmexiquense.com.mx\/index.php?rest_route=\/wp\/v2\/posts"}],"about":[{"href":"https:\/\/www.notiflashmexiquense.com.mx\/index.php?rest_route=\/wp\/v2\/types\/post"}],"author":[{"embeddable":true,"href":"https:\/\/www.notiflashmexiquense.com.mx\/index.php?rest_route=\/wp\/v2\/users\/1"}],"replies":[{"embeddable":true,"href":"https:\/\/www.notiflashmexiquense.com.mx\/index.php?rest_route=%2Fwp%2Fv2%2Fcomments&post=9386"}],"version-history":[{"count":1,"href":"https:\/\/www.notiflashmexiquense.com.mx\/index.php?rest_route=\/wp\/v2\/posts\/9386\/revisions"}],"predecessor-version":[{"id":9388,"href":"https:\/\/www.notiflashmexiquense.com.mx\/index.php?rest_route=\/wp\/v2\/posts\/9386\/revisions\/9388"}],"wp:featuredmedia":[{"embeddable":true,"href":"https:\/\/www.notiflashmexiquense.com.mx\/index.php?rest_route=\/wp\/v2\/media\/9387"}],"wp:attachment":[{"href":"https:\/\/www.notiflashmexiquense.com.mx\/index.php?rest_route=%2Fwp%2Fv2%2Fmedia&parent=9386"}],"wp:term":[{"taxonomy":"category","embeddable":true,"href":"https:\/\/www.notiflashmexiquense.com.mx\/index.php?rest_route=%2Fwp%2Fv2%2Fcategories&post=9386"},{"taxonomy":"post_tag","embeddable":true,"href":"https:\/\/www.notiflashmexiquense.com.mx\/index.php?rest_route=%2Fwp%2Fv2%2Ftags&post=9386"}],"curies":[{"name":"wp","href":"https:\/\/api.w.org\/{rel}","templated":true}]}}