{"id":9382,"date":"2022-09-20T23:51:28","date_gmt":"2022-09-20T23:51:28","guid":{"rendered":"https:\/\/www.notiflashmexiquense.com.mx\/?p=9382"},"modified":"2022-09-20T23:51:29","modified_gmt":"2022-09-20T23:51:29","slug":"diputados-de-morena-y-productores-demostraron-las-virtudes-de-los-maices-nativos-del-edomex","status":"publish","type":"post","link":"https:\/\/www.notiflashmexiquense.com.mx\/?p=9382","title":{"rendered":"Diputados de Morena y productores demostraron las virtudes de los ma\u00edces nativos del Edomex"},"content":{"rendered":"\n<p>\uf0fc En el marco de la aprobaci\u00f3n de la Ley de Ma\u00edz Nativo se verific\u00f3 un proceso de demostraci\u00f3n y degustaci\u00f3n del grano<\/p>\n\n\n\n<p>Toluca, M\u00e9xico, 20 de septiembre de 2022.- A propuesta de Max Agust\u00edn Correa Hern\u00e1ndez, legislador del Grupo Parlamentario de Morena, por primera vez una exposici\u00f3n y degustaci\u00f3n de ma\u00edces nativos del Estado de M\u00e9xico se verific\u00f3 en la C\u00e1mara de Diputados local, la \u201cCasa del Pueblo\u201d.<\/p>\n\n\n\n<p>Previo a la aprobaci\u00f3n en el pleno del Congreso local de la Ley del Ma\u00edz Nativo, promovida por el representante popular Max Correa, decenas de productores y trabajadores del campo provenientes de diferentes municipios de la geograf\u00eda estatal, demostraron las virtudes y cualidades del ma\u00edz mexiquense y se congratularon que los diputados locales otorguen protecci\u00f3n jur\u00eddica al ma\u00edz nativo del Estado de M\u00e9xico.<\/p>\n","protected":false},"excerpt":{"rendered":"<p>&#61692; En el marco de la aprobaci&oacute;n de la Ley de Ma&iacute;z Nativo se verific&oacute;&#8230;<\/p>\n","protected":false},"author":1,"featured_media":9384,"comment_status":"closed","ping_status":"closed","sticky":false,"template":"","format":"standard","meta":{"footnotes":""},"categories":[42],"tags":[],"class_list":["post-9382","post","type-post","status-publish","format-standard","has-post-thumbnail","hentry","category-legislatura-mexiquense-nueva-etapa"],"_links":{"self":[{"href":"https:\/\/www.notiflashmexiquense.com.mx\/index.php?rest_route=\/wp\/v2\/posts\/9382","targetHints":{"allow":["GET"]}}],"collection":[{"href":"https:\/\/www.notiflashmexiquense.com.mx\/index.php?rest_route=\/wp\/v2\/posts"}],"about":[{"href":"https:\/\/www.notiflashmexiquense.com.mx\/index.php?rest_route=\/wp\/v2\/types\/post"}],"author":[{"embeddable":true,"href":"https:\/\/www.notiflashmexiquense.com.mx\/index.php?rest_route=\/wp\/v2\/users\/1"}],"replies":[{"embeddable":true,"href":"https:\/\/www.notiflashmexiquense.com.mx\/index.php?rest_route=%2Fwp%2Fv2%2Fcomments&post=9382"}],"version-history":[{"count":1,"href":"https:\/\/www.notiflashmexiquense.com.mx\/index.php?rest_route=\/wp\/v2\/posts\/9382\/revisions"}],"predecessor-version":[{"id":9385,"href":"https:\/\/www.notiflashmexiquense.com.mx\/index.php?rest_route=\/wp\/v2\/posts\/9382\/revisions\/9385"}],"wp:featuredmedia":[{"embeddable":true,"href":"https:\/\/www.notiflashmexiquense.com.mx\/index.php?rest_route=\/wp\/v2\/media\/9384"}],"wp:attachment":[{"href":"https:\/\/www.notiflashmexiquense.com.mx\/index.php?rest_route=%2Fwp%2Fv2%2Fmedia&parent=9382"}],"wp:term":[{"taxonomy":"category","embeddable":true,"href":"https:\/\/www.notiflashmexiquense.com.mx\/index.php?rest_route=%2Fwp%2Fv2%2Fcategories&post=9382"},{"taxonomy":"post_tag","embeddable":true,"href":"https:\/\/www.notiflashmexiquense.com.mx\/index.php?rest_route=%2Fwp%2Fv2%2Ftags&post=9382"}],"curies":[{"name":"wp","href":"https:\/\/api.w.org\/{rel}","templated":true}]}}