{"id":9379,"date":"2022-09-20T23:32:05","date_gmt":"2022-09-20T23:32:05","guid":{"rendered":"https:\/\/www.notiflashmexiquense.com.mx\/?p=9379"},"modified":"2022-09-20T23:32:06","modified_gmt":"2022-09-20T23:32:06","slug":"aplican-segunda-dosis-contra-covid-19-a-ninos-de-9-a-11-anos-en-naucalpan","status":"publish","type":"post","link":"https:\/\/www.notiflashmexiquense.com.mx\/?p=9379","title":{"rendered":"APLICAN SEGUNDA DOSIS CONTRA COVID-19 A NI\u00d1OS DE 9 A 11 A\u00d1OS EN NAUCALPAN"},"content":{"rendered":"\n<p>En Naucalpan, ni\u00f1os y ni\u00f1as de 9, 10 y 11 a\u00f1os recibir\u00e1n la segunda dosis de la vacuna contra el COVID-19 los d\u00edas 21, 22 y 23 de septiembre en dos sedes que estar\u00e1n ubicadas en la explanada central del Parque Naucalli y en el Deportivo Benito Ju\u00e1rez, en la colonia del mismo nombre.&nbsp;&nbsp;<\/p>\n\n\n\n<p>La titular del Sistema Municipal para el Desarrollo Integral de la Familia (DIF Naucalpan), Cynthia Elizondo Basurto inform\u00f3 que los ni\u00f1os deber\u00e1n ir acompa\u00f1ados de una persona mayor de 18 a\u00f1os, preferentemente madre, padre o tutor y presentar CURP del menor, comprobante de domicilio y expediente de vacunaci\u00f3n impreso que se puede descargar en https:\/\/mivacuna.salud.gob.mx&nbsp;<\/p>\n\n\n\n<p>La funcionaria detall\u00f3 que los peque\u00f1os recibir\u00e1n el biol\u00f3gico de la marca Pfizer en un horario de atenci\u00f3n de 9:00 a 15:00 horas y se contar\u00e1 con la participaci\u00f3n de personal m\u00e9dico especializado para cuidar la salud de los menores que sean inmunizados.&nbsp;<\/p>\n\n\n\n<p>El Gobierno de Naucalpan, que preside la alcaldesa Ang\u00e9lica Moya Mar\u00edn, y el SMDIF invitan a los naucalpenses a continuar con las medidas sanitarias para frenar los contagios de COVID-19 y as\u00ed cuidar de todos en casa de manera responsable.<\/p>\n\n\n\n<p>\u201cEs muy importante que ahora que las clases volvieron a ser presenciales todos nuestros ni\u00f1os y ni\u00f1as cuenten con su esquema completo de vacunaci\u00f3n, esta segunda dosis nos permite ir avanzando y esto nos ayudar\u00e1 a evitar en lo posible los contagios\u201d, destac\u00f3 Elizondo Basurto.<\/p>\n","protected":false},"excerpt":{"rendered":"<p>En Naucalpan, ni&ntilde;os y ni&ntilde;as de 9, 10 y 11 a&ntilde;os recibir&aacute;n la segunda dosis&#8230;<\/p>\n","protected":false},"author":1,"featured_media":9380,"comment_status":"closed","ping_status":"closed","sticky":false,"template":"","format":"standard","meta":{"footnotes":""},"categories":[45],"tags":[],"class_list":["post-9379","post","type-post","status-publish","format-standard","has-post-thumbnail","hentry","category-atizapan-de-zaragoza"],"_links":{"self":[{"href":"https:\/\/www.notiflashmexiquense.com.mx\/index.php?rest_route=\/wp\/v2\/posts\/9379","targetHints":{"allow":["GET"]}}],"collection":[{"href":"https:\/\/www.notiflashmexiquense.com.mx\/index.php?rest_route=\/wp\/v2\/posts"}],"about":[{"href":"https:\/\/www.notiflashmexiquense.com.mx\/index.php?rest_route=\/wp\/v2\/types\/post"}],"author":[{"embeddable":true,"href":"https:\/\/www.notiflashmexiquense.com.mx\/index.php?rest_route=\/wp\/v2\/users\/1"}],"replies":[{"embeddable":true,"href":"https:\/\/www.notiflashmexiquense.com.mx\/index.php?rest_route=%2Fwp%2Fv2%2Fcomments&post=9379"}],"version-history":[{"count":1,"href":"https:\/\/www.notiflashmexiquense.com.mx\/index.php?rest_route=\/wp\/v2\/posts\/9379\/revisions"}],"predecessor-version":[{"id":9381,"href":"https:\/\/www.notiflashmexiquense.com.mx\/index.php?rest_route=\/wp\/v2\/posts\/9379\/revisions\/9381"}],"wp:featuredmedia":[{"embeddable":true,"href":"https:\/\/www.notiflashmexiquense.com.mx\/index.php?rest_route=\/wp\/v2\/media\/9380"}],"wp:attachment":[{"href":"https:\/\/www.notiflashmexiquense.com.mx\/index.php?rest_route=%2Fwp%2Fv2%2Fmedia&parent=9379"}],"wp:term":[{"taxonomy":"category","embeddable":true,"href":"https:\/\/www.notiflashmexiquense.com.mx\/index.php?rest_route=%2Fwp%2Fv2%2Fcategories&post=9379"},{"taxonomy":"post_tag","embeddable":true,"href":"https:\/\/www.notiflashmexiquense.com.mx\/index.php?rest_route=%2Fwp%2Fv2%2Ftags&post=9379"}],"curies":[{"name":"wp","href":"https:\/\/api.w.org\/{rel}","templated":true}]}}