{"id":9376,"date":"2022-09-20T19:37:32","date_gmt":"2022-09-20T19:37:32","guid":{"rendered":"https:\/\/www.notiflashmexiquense.com.mx\/?p=9376"},"modified":"2022-09-20T19:37:33","modified_gmt":"2022-09-20T19:37:33","slug":"abraham-sarone-anuncia-5ta-edicion-del-festival-del-barrio-san-miguelito-en-capulhuac","status":"publish","type":"post","link":"https:\/\/www.notiflashmexiquense.com.mx\/?p=9376","title":{"rendered":"Abraham Saron\u00e9 anuncia 5ta edici\u00f3n del Festival del barrio San Miguelito en Capulhuac"},"content":{"rendered":"\n<p>\uf0fc Tradiciones y actividades culturales otorgan identidad a comunidades<\/p>\n\n\n\n<p>\uf0fc Artistas y creadores dieron muestra de su talento en la C\u00e1mara de Diputados del Estado de M\u00e9xico<\/p>\n\n\n\n<p>Toluca, M\u00e9xico, 20 de septiembre de 2022.- Abraham Saron\u00e9 Campos, diputado de Morena y presidente de la comisi\u00f3n de Educaci\u00f3n Cultura Ciencia y Tecnolog\u00eda del Congreso local, encabez\u00f3 las actividades de lo que a partir del 1 de octubre ser\u00e1 la 5ta Edici\u00f3n del Festival Art\u00edstico Cultural Artesanal y Gastron\u00f3mico de San Miguelito municipio de Capulhuac.<\/p>\n\n\n\n<p>Localidad enclavada al oriente del Valle de Toluca donde los asistentes podr\u00e1n disfrutar de creaciones gastron\u00f3micas (barbacoa), artesanales y culturales.<\/p>\n\n\n\n<p>Desde el sal\u00f3n Benito Ju\u00e1rez de la C\u00e1mara de Diputados del Estado de M\u00e9xico y acompa\u00f1ado por integrantes del Comit\u00e9 organizador como Iris Alc\u00e1ntara Galicia, Alejandro Rafael Galicia Bernal, Pedro Parra Villamares, el legislador que impulsa la 4T en el territorio mexiquense precis\u00f3 que la riqueza de Capulhuac no s\u00f3lo radica en su gastronom\u00eda y creaciones artesanales, sino tambi\u00e9n en sus tradiciones ancestrales pues record\u00f3 que en los barrios del municipio convergen vecinos de pueblos originarios como Matlatzinca, Otom\u00ed y Nahua.<\/p>\n\n\n\n<p>El legislador consider\u00f3 que parte de los esfuerzos del Festival deben estar encaminados a convertirlo en una tradici\u00f3n regional, ya que existe la garant\u00eda que el fomento a actividades culturales otorga identidad y fortalece la tradici\u00f3n de las comunidades, pero sobre todo de sus j\u00f3venes.<\/p>\n\n\n\n<p>El diputado de Morena felicit\u00f3 a cada uno de los artesanos que promueven entre la poblaci\u00f3n su talento en papel picado, tallado de madera, bordado de lona, hojalater\u00eda decorativa, alimentos de ma\u00edz, pintado en tela, artesan\u00edas de barro, l\u00e1mparas industriales, licores, herbolaria, alimentos procesados, curtido de pieles de borrego, entre otros.<\/p>\n\n\n\n<p>En voz Iris Alc\u00e1ntara Galicia, miembro del Comit\u00e9 organizador del Festival de San Miguelito de Capulhuac, reconoci\u00f3 y agradeci\u00f3 que las y los diputados del Grupo Parlamentario de Morena impulsen la actividades culturales y tradiciones de las comunidades.<\/p>\n\n\n\n<p>Record\u00f3 que el Festival arranc\u00f3 como una \u201cCallejonada\u201d en 2015 y fue tanto el inter\u00e9s de algunos sectores de la poblaci\u00f3n que a\u00f1o con a\u00f1o fue ampliando su presencia. La iniciativa nace ante la necesidad de rescatar tradiciones, subray\u00f3.<\/p>\n\n\n\n<p>Alc\u00e1ntara precis\u00f3 que las muestras artesanales y danzas t\u00edpicas podr\u00e1n ser apreciadas de forma gratuita por aquellos que visiten el municipio de Capulhuac a partir del primer d\u00eda de octubre.<\/p>\n\n\n\n<p>Abraham Saron\u00e9, anunci\u00f3 que el pr\u00f3ximo s\u00e1bado, en la Plaza de los Insurgentes del municipal de Ocoyoacac, realizar\u00e1 su informe de actividades legislativas al frente de la curul.<\/p>\n\n\n\n<p>Manifest\u00f3 que las y los representantes populares est\u00e1n obligados a rendir cuentas de todas y cada una de sus iniciativas y gestiones en pro del bienestar de la poblaci\u00f3n.<\/p>\n\n\n\n<p>\u201cEs importante que la ciudadan\u00eda conozca la producci\u00f3n legislativa, as\u00ed como la gesti\u00f3n que realizan en su favor\u201d, dijo.<\/p>\n\n\n\n<p>A la vez que, sostuvo que es muy importante que las y los diputados no se desliguen de las situaciones m\u00e1s apremiantes de la poblaci\u00f3n.<\/p>\n\n\n\n<p>En este tenor detall\u00f3 que en materia de infraestructura realiza las gestiones necesarias ante la Junta de Caminos del Gobierno del Estado de M\u00e9xico para que la carretera Acueducto que comunica a municipios de la regi\u00f3n, tenga un mantenimiento oportuno porque en estos momentos es intransitable.<\/p>\n\n\n\n<p>Al evento amenizado por la Rondalla Lenguaje del Amor de San Mateo Atenco y el literato Francisco Navarro Ru\u00edz, tambi\u00e9n asistieron las regidoras Iszy Rodr\u00edguez Lucas y Gabriela Plata espinosa de Santiago Tianguistenco y Ocoyoacac, respectivamente.<\/p>\n","protected":false},"excerpt":{"rendered":"<p>&#61692; Tradiciones y actividades culturales otorgan identidad a comunidades &#61692; Artistas y creadores dieron muestra&#8230;<\/p>\n","protected":false},"author":1,"featured_media":9377,"comment_status":"closed","ping_status":"closed","sticky":false,"template":"","format":"standard","meta":{"footnotes":""},"categories":[42],"tags":[],"class_list":["post-9376","post","type-post","status-publish","format-standard","has-post-thumbnail","hentry","category-legislatura-mexiquense-nueva-etapa"],"_links":{"self":[{"href":"https:\/\/www.notiflashmexiquense.com.mx\/index.php?rest_route=\/wp\/v2\/posts\/9376","targetHints":{"allow":["GET"]}}],"collection":[{"href":"https:\/\/www.notiflashmexiquense.com.mx\/index.php?rest_route=\/wp\/v2\/posts"}],"about":[{"href":"https:\/\/www.notiflashmexiquense.com.mx\/index.php?rest_route=\/wp\/v2\/types\/post"}],"author":[{"embeddable":true,"href":"https:\/\/www.notiflashmexiquense.com.mx\/index.php?rest_route=\/wp\/v2\/users\/1"}],"replies":[{"embeddable":true,"href":"https:\/\/www.notiflashmexiquense.com.mx\/index.php?rest_route=%2Fwp%2Fv2%2Fcomments&post=9376"}],"version-history":[{"count":1,"href":"https:\/\/www.notiflashmexiquense.com.mx\/index.php?rest_route=\/wp\/v2\/posts\/9376\/revisions"}],"predecessor-version":[{"id":9378,"href":"https:\/\/www.notiflashmexiquense.com.mx\/index.php?rest_route=\/wp\/v2\/posts\/9376\/revisions\/9378"}],"wp:featuredmedia":[{"embeddable":true,"href":"https:\/\/www.notiflashmexiquense.com.mx\/index.php?rest_route=\/wp\/v2\/media\/9377"}],"wp:attachment":[{"href":"https:\/\/www.notiflashmexiquense.com.mx\/index.php?rest_route=%2Fwp%2Fv2%2Fmedia&parent=9376"}],"wp:term":[{"taxonomy":"category","embeddable":true,"href":"https:\/\/www.notiflashmexiquense.com.mx\/index.php?rest_route=%2Fwp%2Fv2%2Fcategories&post=9376"},{"taxonomy":"post_tag","embeddable":true,"href":"https:\/\/www.notiflashmexiquense.com.mx\/index.php?rest_route=%2Fwp%2Fv2%2Ftags&post=9376"}],"curies":[{"name":"wp","href":"https:\/\/api.w.org\/{rel}","templated":true}]}}