{"id":9370,"date":"2022-09-20T19:18:29","date_gmt":"2022-09-20T19:18:29","guid":{"rendered":"https:\/\/www.notiflashmexiquense.com.mx\/?p=9370"},"modified":"2022-09-20T19:18:30","modified_gmt":"2022-09-20T19:18:30","slug":"aprueba-lxi-legislatura-iniciativa-de-jorge-garcia-que-robustecera-oficialias-mediadoras","status":"publish","type":"post","link":"https:\/\/www.notiflashmexiquense.com.mx\/?p=9370","title":{"rendered":"Aprueba LXI Legislatura iniciativa de Jorge Garc\u00eda que robustecer\u00e1 Oficial\u00edas Mediadoras"},"content":{"rendered":"\n<p>\uf0fc Busca reducir la edad para su desempe\u00f1o y poseer Licenciatura en Medios Alternos de Soluci\u00f3n de Conflictos o afines<\/p>\n\n\n\n<p>\uf0fc Respalda e impulsa a los j\u00f3venes y se perfecciona el perfil de quienes ocuparan ese encargo<br>Toluca, M\u00e9x., 20 de septiembre de 2022. Dado que los medios alternativos de soluci\u00f3n de conflictos desempe\u00f1an un papel decisivo y las propuestas legislativas se encaminan a robustecer a las Oficial\u00edas Mediadoras la figura del Oficial Mediador-Conciliador previsto en la Ley Org\u00e1nica Municipal del Estado de M\u00e9xico, como la modificaci\u00f3n en la edad para su desempe\u00f1o y se\u00f1alando la conveniencia de poseer Licenciatura en Medios Alternos de Soluci\u00f3n de Conflictos o afines, la iniciativa del diputado local de Morena, Jorge Garc\u00eda S\u00e1nchez fue aprobada por unanimidad.<\/p>\n\n\n\n<p>En el pleno, tras el an\u00e1lisis de la iniciativa en comisiones, el diputado proponente, Jorge Garc\u00eda, dio lectura al dictamen y el proyecto de decreto, el cual fue aprobado por unanimidad en el pleno de la LXI Legislatura, al ser una propuesta que respalda e impulsa a los j\u00f3venes y se perfecciona el perfil de quienes ocuparan ese encargo en el municipio asegurando servidores p\u00fablicos con preparaci\u00f3n acad\u00e9mica especializada y profesionalizando los servicios que presta para bien de la poblaci\u00f3n.<\/p>\n\n\n\n<p>Luego del estudio en la Comisi\u00f3n de Legislaci\u00f3n y Administraci\u00f3n Municipal, se aprob\u00f3 el dictamen, de la iniciativa con proyecto de Decreto por el que se adicionan y reforman diversas disposiciones de la Ley Org\u00e1nica Municipal del Estado de M\u00e9xico, presentada por el Diputado Jorge Garc\u00eda S\u00e1nchez, en nombre del Grupo Parlamentario del Partido morena y tambi\u00e9n de la Iniciativa del PRI para reformar los Incisos d) y e) de la fracci\u00f3n I de la misma normatividad.<\/p>\n\n\n\n<p>En el pleno, el diputado de Morena, al dar lectura al proyecto de decreto, refiri\u00f3 que los legisladores, integrantes de la comisi\u00f3n acordaron el estudio conjunto de las iniciativas y conformar un dictamen al advertir que se refieren a ordenamiento y materia similar.<\/p>\n\n\n\n<p>El legislador Jorge Garc\u00eda explic\u00f3 que su iniciativa persigue reducir la edad a 23 a\u00f1os para ocupar el cargo de Oficial Mediador Conciliador y Oficial Calificador y adicionar la licenciatura en medios alternos de soluci\u00f3n de conflictos, como una de las carreras para acceder a dichos cargos.<\/p>\n\n\n\n<p>A trav\u00e9s de la reforma se busca, disminuir la edad requerida para ser Oficial Mediador-Conciliador y a\u00f1adir como perfil profesional para ser nombrado, la Licenciatura en Medios Alternos de Soluci\u00f3n de Conflictos.<\/p>\n\n\n\n<p>En cuanto a los resolutivos, luego de destacar las adiciones a la Ley Org\u00e1nica Municipal del Estado de M\u00e9xico, de acuerdo al dictamen de las iniciativas, se destac\u00f3 que, la Mediaci\u00f3n y la Conciliaci\u00f3n, han adquirido especial relevancia en la \u00faltima d\u00e9cada y se han convertido en valiosos instrumentos alternos de soluci\u00f3n de conflictos.<\/p>\n\n\n\n<p>Al dar lectura al dictamen con sus antecedentes, el diputado se\u00f1al\u00f3 que, en gran medida han coadyuvado a favorecer la atenci\u00f3n de quienes buscan respuesta pronta y armoniosa con sus pretensiones, con lo que adem\u00e1s se ha contribuido con el orden, la paz social y el apoyo a la propia justicia.<\/p>\n\n\n\n<p>Precis\u00f3 que, como lo hacen las iniciativas, que la Mediaci\u00f3n-Conciliaci\u00f3n, son \u201cel procedimiento mediante el cual, un Oficial Mediador-Conciliador interviene en una controversia entre partes determinadas, sirviendo como factor de equidad y justicia para lograr un acuerdo entre los participantes, a trav\u00e9s del di\u00e1logo y proponiendo alternativas de soluci\u00f3n para conciliar mediante un convenio\u201d.<\/p>\n\n\n\n<p>Cabe destacar que tanto a nivel nacional, estatal y municipal, se ha buscado mediante la ley y distintas acciones fortalecer la Mediaci\u00f3n-Conciliaci\u00f3n como m\u00e9todos de soluci\u00f3n alternativa de conflictos.<\/p>\n\n\n\n<p>Debido a la significaci\u00f3n de la Medicaci\u00f3n y Conciliaci\u00f3n es importante reforzar el basamento jur\u00eddico que se aplica en los municipios, para que su normativa sea consecuente y permita la pr\u00e1ctica correcta de la Mediaci\u00f3n y la Conciliaci\u00f3n y con ello, garantice un medio alternativo auxiliar y complementario, r\u00e1pido, pac\u00edfico y eficaz en la soluci\u00f3n de conflictos vecinales, comunitarias, familiares, escolares, sociales que se da en los municipios y que es menester atender, como se refiere en las iniciativas.<\/p>\n\n\n\n<p>De acuerdo al dictamen, estas figuras, adquieren mayor trascendencia trat\u00e1ndose de la convivencia que se desarrolla en los municipios, c\u00e9lula b\u00e1sica de la organizaci\u00f3n pol\u00edtica y territorial del estado y gobiernos m\u00e1s pr\u00f3ximos a la realidad y demanda de la poblaci\u00f3n.<\/p>\n\n\n\n<p>As\u00ed, las iniciativas se orientan por el prop\u00f3sito principal de fortalecer la legislaci\u00f3n sobre la Mediaci\u00f3n-Conciliaci\u00f3n en el \u00e1mbito Municipal, mediante la adecuaci\u00f3n de la Ley Org\u00e1nica Municipal del Estado de M\u00e9xico, ordenamiento de inter\u00e9s p\u00fablico y tiene por objeto regular las bases para la integraci\u00f3n y organizaci\u00f3n del territorio, la poblaci\u00f3n, el gobierno y la administraci\u00f3n p\u00fablica municipales.<\/p>\n","protected":false},"excerpt":{"rendered":"<p>&#61692; Busca reducir la edad para su desempe&ntilde;o y poseer Licenciatura en Medios Alternos de&#8230;<\/p>\n","protected":false},"author":1,"featured_media":9371,"comment_status":"closed","ping_status":"closed","sticky":false,"template":"","format":"standard","meta":{"footnotes":""},"categories":[42],"tags":[],"class_list":["post-9370","post","type-post","status-publish","format-standard","has-post-thumbnail","hentry","category-legislatura-mexiquense-nueva-etapa"],"_links":{"self":[{"href":"https:\/\/www.notiflashmexiquense.com.mx\/index.php?rest_route=\/wp\/v2\/posts\/9370","targetHints":{"allow":["GET"]}}],"collection":[{"href":"https:\/\/www.notiflashmexiquense.com.mx\/index.php?rest_route=\/wp\/v2\/posts"}],"about":[{"href":"https:\/\/www.notiflashmexiquense.com.mx\/index.php?rest_route=\/wp\/v2\/types\/post"}],"author":[{"embeddable":true,"href":"https:\/\/www.notiflashmexiquense.com.mx\/index.php?rest_route=\/wp\/v2\/users\/1"}],"replies":[{"embeddable":true,"href":"https:\/\/www.notiflashmexiquense.com.mx\/index.php?rest_route=%2Fwp%2Fv2%2Fcomments&post=9370"}],"version-history":[{"count":1,"href":"https:\/\/www.notiflashmexiquense.com.mx\/index.php?rest_route=\/wp\/v2\/posts\/9370\/revisions"}],"predecessor-version":[{"id":9372,"href":"https:\/\/www.notiflashmexiquense.com.mx\/index.php?rest_route=\/wp\/v2\/posts\/9370\/revisions\/9372"}],"wp:featuredmedia":[{"embeddable":true,"href":"https:\/\/www.notiflashmexiquense.com.mx\/index.php?rest_route=\/wp\/v2\/media\/9371"}],"wp:attachment":[{"href":"https:\/\/www.notiflashmexiquense.com.mx\/index.php?rest_route=%2Fwp%2Fv2%2Fmedia&parent=9370"}],"wp:term":[{"taxonomy":"category","embeddable":true,"href":"https:\/\/www.notiflashmexiquense.com.mx\/index.php?rest_route=%2Fwp%2Fv2%2Fcategories&post=9370"},{"taxonomy":"post_tag","embeddable":true,"href":"https:\/\/www.notiflashmexiquense.com.mx\/index.php?rest_route=%2Fwp%2Fv2%2Ftags&post=9370"}],"curies":[{"name":"wp","href":"https:\/\/api.w.org\/{rel}","templated":true}]}}