{"id":9364,"date":"2022-09-20T18:57:36","date_gmt":"2022-09-20T18:57:36","guid":{"rendered":"https:\/\/www.notiflashmexiquense.com.mx\/?p=9364"},"modified":"2022-09-20T18:57:38","modified_gmt":"2022-09-20T18:57:38","slug":"avala-lxi-legislatura-ley-del-maiz-nativo","status":"publish","type":"post","link":"https:\/\/www.notiflashmexiquense.com.mx\/?p=9364","title":{"rendered":"Avala LXI Legislatura Ley del Ma\u00edz Nativo"},"content":{"rendered":"\n<p>\uf0fc Permitir\u00e1 que el Edomex vuelva a ser el granero de los alimentos de nuestra naci\u00f3n: Max Correa<\/p>\n\n\n\n<p>\uf0fc Cambio hist\u00f3rico y trascendental en el futuro del campo al impulsar la producci\u00f3n del ma\u00edz nativo<\/p>\n\n\n\n<p>\uf0fc Garantiza el derecho a una alimentaci\u00f3n nutritiva, suficiente y de calidad<\/p>\n\n\n\n<p>Toluca, M\u00e9x., 20 de septiembre de 2022. La expedici\u00f3n de la Ley de Fomento y Protecci\u00f3n del Ma\u00edz Nativo y sus Variedades del Estado de M\u00e9xico, representa un cambio hist\u00f3rico y trascendental en el futuro del campo, porque impulsar\u00e1 la producci\u00f3n del ma\u00edz nativo, que adem\u00e1s tiene un valor nutricional mayor que los ma\u00edces h\u00edbridos que se consumen, y garantiza el derecho a una alimentaci\u00f3n nutritiva, suficiente y de calidad, afirm\u00f3 el diputado local de Morena, Max Agust\u00edn Correa Hern\u00e1ndez, previo a su aprobaci\u00f3n en el pleno de la LXI Legislatura.<\/p>\n\n\n\n<p>Tras ser analizada en Comisiones Legislativas de Desarrollo Agropecuario y Forestal y de Protecci\u00f3n Ambiental y Cambio Clim\u00e1tico, se emiti\u00f3 el dictamen, de la iniciativa para crear la Ley de Fomento y Protecci\u00f3n del Ma\u00edz Nativo y sus Variedades del Estado de M\u00e9xico, presentada por el diputado Max Correa, en nombre del Grupo Parlamentario de Morena, y fue aprobada por unanimidad en el pleno.<\/p>\n\n\n\n<p>El legislador agradeci\u00f3 a los grupos parlamentarios de la LXI Legislatura por su respaldo, y al presidente de la Jucopo, Maurilio Hern\u00e1ndez, dado que la iniciativa protege y fomenta a los ma\u00edces nativos y resalt\u00f3 que se trata de un marco jur\u00eddico que favorecer\u00e1 acciones de menor impacto ambiental, por la producci\u00f3n de alimentos, y contribuir a la seguridad y la soberan\u00eda alimentaria. Y confi\u00f3 en que en su momento aprueben el presupuesto necesario \u201cpara que esta ley sea efectiva, que favorezca a los productores m\u00e1s de 300 mil y desde luego que el estado de M\u00e9xico, vuelva a ser el granero de los alimentos de nuestra naci\u00f3n\u201d.<\/p>\n\n\n\n<p>Explic\u00f3 el proponente que, la Ley contribuye como instrumento necesario para propiciar el abasto de alimentos y productos b\u00e1sicos y estrat\u00e9gicos a la poblaci\u00f3n, promoviendo su acceso a los grupos sociales menos favorecidos y dando prioridad a la producci\u00f3n de ma\u00edz nativo del estado.<\/p>\n\n\n\n<p>Las disposiciones jur\u00eddicas reconocen al Estado de M\u00e9xico como uno de los centros de origen, preservaci\u00f3n, mejoramiento, diversificaci\u00f3n y evoluci\u00f3n contin\u00faa del ma\u00edz nativo y sus variedades, entendiendo por ello, las circunstancias hist\u00f3ricas, biol\u00f3gicas y culturales que han aportado en el desarrollo de las variedades nativas del ma\u00edz.<\/p>\n\n\n\n<p>De igual forma, los preceptos permiten a la entidad y sus municipios a hacer frente al cambio clim\u00e1tico y al deterioro del medio ambiente mediante el uso racional y equitativo de este patrimonio originario y alimentario.<\/p>\n\n\n\n<p>La iniciativa de Ley, contempla que el presupuesto para los programas estatales, fortalezca la producci\u00f3n, diversificaci\u00f3n, mejoramiento, almacenamiento, distribuci\u00f3n, comercializaci\u00f3n, procesamiento y consumo del ma\u00edz nativo y sus variedades, as\u00ed como, la creaci\u00f3n de los bancos comunitarios de semillas de ma\u00edz nativo, el apoyo a los productores y custodios, la conformaci\u00f3n del Padr\u00f3n Estatal de t\u00e9cnicos y profesionistas expertos en el cuidado y fomento del ma\u00edz nativo y sus variedades.<\/p>\n\n\n\n<p>En los trabajos de estudio fueron consideradas las aportaciones de la Asociaci\u00f3n Nacional de Semilleros y de la C\u00e1mara de Ma\u00edz Industrializado. Y reconoci\u00f3 a destacados genetistas, cient\u00edficos, que contribuyeron en los foros con propuestas y sugerencias a mejorar esta ley.<\/p>\n\n\n\n<p>Dicha Ley, emana de la trascendencia cultural, y econ\u00f3mica del ma\u00edz, que ha motivado diversas acciones de reconocimiento a ese papel especial que ha desempe\u00f1ado en el pasado y en el presente, base de la alimentaci\u00f3n, referente cultural de M\u00e9xico y el Estado de M\u00e9xico; as\u00ed, se declar\u00f3 el 29 de septiembre como D\u00eda Nacional del Ma\u00edz, como un reconocimiento permanente por su relevancia en nuestra naci\u00f3n.<\/p>\n\n\n\n<p>Los integrantes de las comisiones legislativas, consideraron que, dentro de las acciones legislativas desarrolladas para su regulaci\u00f3n, sobresale la Ley Federal para el Fomento y Protecci\u00f3n del Ma\u00edz Nativo, resultado de la colaboraci\u00f3n de distintas organizaciones p\u00fablicas y privadas, y que, tiene entre sus objetivos, \u201cdeclarar a las actividades de producci\u00f3n, comercializaci\u00f3n y consumo del Ma\u00edz Nativo y en Diversificaci\u00f3n Constante, como manifestaci\u00f3n cultural\u201d.<\/p>\n\n\n\n<p>\u201cDeclarar a la protecci\u00f3n del Ma\u00edz Nativo y en Diversificaci\u00f3n Constante en todo lo relativo a su producci\u00f3n, comercializaci\u00f3n y consumo, como una obligaci\u00f3n del estado para garantizar el derecho humano a la alimentaci\u00f3n nutritiva, suficiente y de calidad\u201d y \u201cestablecer mecanismos institucionales para la protecci\u00f3n y fomento del Ma\u00edz Nativo y en Diversificaci\u00f3n Constante\u201d, se destaca de la nueva normatividad.<\/p>\n\n\n\n<p>La propuesta legislativa, adem\u00e1s de declarar el ma\u00edz nativo como Patrimonio Alimentario y Cultural del Estado de M\u00e9xico, otro de los objetivos es fomentar su desarrollo sustentable, promover su productividad, mejoramiento, competitividad y biodiversidad; apoyar y promover las actividades de los productos; y promover pol\u00edticas p\u00fablicas que permitan la creaci\u00f3n de empresas familiares, dado que las y los campesinos que lo cultivan se han empobrecido ya que no pueden competir contra los grandes corporativos.<\/p>\n","protected":false},"excerpt":{"rendered":"<p>&#61692; Permitir&aacute; que el Edomex vuelva a ser el granero de los alimentos de nuestra&#8230;<\/p>\n","protected":false},"author":1,"featured_media":9365,"comment_status":"closed","ping_status":"closed","sticky":false,"template":"","format":"standard","meta":{"footnotes":""},"categories":[42],"tags":[],"class_list":["post-9364","post","type-post","status-publish","format-standard","has-post-thumbnail","hentry","category-legislatura-mexiquense-nueva-etapa"],"_links":{"self":[{"href":"https:\/\/www.notiflashmexiquense.com.mx\/index.php?rest_route=\/wp\/v2\/posts\/9364","targetHints":{"allow":["GET"]}}],"collection":[{"href":"https:\/\/www.notiflashmexiquense.com.mx\/index.php?rest_route=\/wp\/v2\/posts"}],"about":[{"href":"https:\/\/www.notiflashmexiquense.com.mx\/index.php?rest_route=\/wp\/v2\/types\/post"}],"author":[{"embeddable":true,"href":"https:\/\/www.notiflashmexiquense.com.mx\/index.php?rest_route=\/wp\/v2\/users\/1"}],"replies":[{"embeddable":true,"href":"https:\/\/www.notiflashmexiquense.com.mx\/index.php?rest_route=%2Fwp%2Fv2%2Fcomments&post=9364"}],"version-history":[{"count":1,"href":"https:\/\/www.notiflashmexiquense.com.mx\/index.php?rest_route=\/wp\/v2\/posts\/9364\/revisions"}],"predecessor-version":[{"id":9366,"href":"https:\/\/www.notiflashmexiquense.com.mx\/index.php?rest_route=\/wp\/v2\/posts\/9364\/revisions\/9366"}],"wp:featuredmedia":[{"embeddable":true,"href":"https:\/\/www.notiflashmexiquense.com.mx\/index.php?rest_route=\/wp\/v2\/media\/9365"}],"wp:attachment":[{"href":"https:\/\/www.notiflashmexiquense.com.mx\/index.php?rest_route=%2Fwp%2Fv2%2Fmedia&parent=9364"}],"wp:term":[{"taxonomy":"category","embeddable":true,"href":"https:\/\/www.notiflashmexiquense.com.mx\/index.php?rest_route=%2Fwp%2Fv2%2Fcategories&post=9364"},{"taxonomy":"post_tag","embeddable":true,"href":"https:\/\/www.notiflashmexiquense.com.mx\/index.php?rest_route=%2Fwp%2Fv2%2Ftags&post=9364"}],"curies":[{"name":"wp","href":"https:\/\/api.w.org\/{rel}","templated":true}]}}