{"id":9349,"date":"2022-09-20T01:04:20","date_gmt":"2022-09-20T01:04:20","guid":{"rendered":"https:\/\/www.notiflashmexiquense.com.mx\/?p=9349"},"modified":"2022-09-20T01:04:20","modified_gmt":"2022-09-20T01:04:20","slug":"mexiquenses-de-corazon-son-excluidos-del-comite-ejecutivo-nacional-de-morena","status":"publish","type":"post","link":"https:\/\/www.notiflashmexiquense.com.mx\/?p=9349","title":{"rendered":"Mexiquenses de Coraz\u00f3n son excluidos del Comit\u00e9 Ejecutivo Nacional de Morena"},"content":{"rendered":"\n<p>\u2b9a El movimiento que encabeza el senador Higinio Mart\u00ednez representa m\u00e1s del 10% de Consejeros Nacionales<\/p>\n\n\n\n<p>Toluca, M\u00e9x, 19 de septiembre de 2022.-A pesar de que el movimiento Mexiquenses de Coraz\u00f3n que preside el senador del Estado de M\u00e9xico, Higinio Mart\u00ednez Miranda alcanz\u00f3 24 de un total de 200 Consejeros Nacionales electos por mayor\u00eda, lo que representa m\u00e1s del 10%, pese a ello fueron excluidos en la representaci\u00f3n Comit\u00e9 Ejecutivo Nacional de Morena y en contraparte fueron tomados en cuenta grupos minoritarios, denunci\u00f3 el diputado local, Faustino de la Cruz P\u00e9rez.<\/p>\n\n\n\n<p>Refiri\u00f3, que luego que el d\u00eda de ayer, el dirigente nacional de Morena, Mario Delgado, anunci\u00f3 tambi\u00e9n a las y los nuevos integrantes del Comit\u00e9 Ejecutivo Nacional, la diputada de Ecatepec, reprob\u00f3 que no se tomar\u00e1 en cuenta a los liderazgos que est\u00e1n representados en Mexiquenses de Coraz\u00f3n, a pesar de la fuerza demostrada en la elecci\u00f3n de Consejeros Locales y Nacionales, mientras que gobernadores con menos de 10 consejeros tienen representaci\u00f3n en las secretar\u00edas del Comit\u00e9.<\/p>\n\n\n\n<p>El legislador de Ecatepec se\u00f1al\u00f3 que se eligieron 200 Consejeros Nacionales por mayor\u00eda y 170 por designaci\u00f3n de los 32 estados del pa\u00eds, donde los comit\u00e9s estatales tienen 3 espacios cada uno. Sin embargo, no quedaron los m\u00e1s votados como el caso de la diputada Azucena Cisneros.<\/p>\n\n\n\n<p>Hay que destacar que, en el Congreso Nacional de Morena una de las principales modificaciones fue la prolongaci\u00f3n de un a\u00f1o de Mario Delgado y de Citlalli Hern\u00e1ndez como presidente nacional y secretaria General de Morena, respectivamente, hasta el 31 de octubre de 2024. Y se eligi\u00f3 por unanimidad a Alfonso Durazo como presidente del Consejo Nacional.<\/p>\n\n\n\n<p>Mientras que entre la lista de los integrantes del Comit\u00e9, el \u00fanico mexiquense es Alejandro Pe\u00f1a, que ocupar\u00e1 la cartera de Secretario de Organizaci\u00f3n; adem\u00e1s como Secretaria de Comunicaci\u00f3n fue nombrada Andrea Ch\u00e1vez; en la Secretar\u00eda de Finanzas, Javier Cabiedes; en la Secretar\u00eda de Mujeres, Adriana Grajales; en la Secretar\u00eda de J\u00f3venes, Alejandro Porras; en la Secretar\u00eda de Diversidad Sexual, Almendra E. Negrete; en la Secretar\u00eda de Pueblos Originarios, Bxido Xisije Jara; en la Secretar\u00eda de Movimientos Sociales, Carlos A. Castillo; en la Secretar\u00eda de Mexicanos en el Exterior, Nalleli J. Pedraza y en la Secretar\u00eda de Arte y Cultura Tomas Pliego.<\/p>\n\n\n\n<p>Y tambi\u00e9n se realiz\u00f3 la modificaci\u00f3n a los estatutos por 1807 votos a favor, 520 en contra y 38 abstenciones.<\/p>\n","protected":false},"excerpt":{"rendered":"<p>&#11162; El movimiento que encabeza el senador Higinio Mart&iacute;nez representa m&aacute;s del 10% de Consejeros&#8230;<\/p>\n","protected":false},"author":1,"featured_media":9350,"comment_status":"closed","ping_status":"closed","sticky":false,"template":"","format":"standard","meta":{"footnotes":""},"categories":[42],"tags":[],"class_list":["post-9349","post","type-post","status-publish","format-standard","has-post-thumbnail","hentry","category-legislatura-mexiquense-nueva-etapa"],"_links":{"self":[{"href":"https:\/\/www.notiflashmexiquense.com.mx\/index.php?rest_route=\/wp\/v2\/posts\/9349","targetHints":{"allow":["GET"]}}],"collection":[{"href":"https:\/\/www.notiflashmexiquense.com.mx\/index.php?rest_route=\/wp\/v2\/posts"}],"about":[{"href":"https:\/\/www.notiflashmexiquense.com.mx\/index.php?rest_route=\/wp\/v2\/types\/post"}],"author":[{"embeddable":true,"href":"https:\/\/www.notiflashmexiquense.com.mx\/index.php?rest_route=\/wp\/v2\/users\/1"}],"replies":[{"embeddable":true,"href":"https:\/\/www.notiflashmexiquense.com.mx\/index.php?rest_route=%2Fwp%2Fv2%2Fcomments&post=9349"}],"version-history":[{"count":1,"href":"https:\/\/www.notiflashmexiquense.com.mx\/index.php?rest_route=\/wp\/v2\/posts\/9349\/revisions"}],"predecessor-version":[{"id":9351,"href":"https:\/\/www.notiflashmexiquense.com.mx\/index.php?rest_route=\/wp\/v2\/posts\/9349\/revisions\/9351"}],"wp:featuredmedia":[{"embeddable":true,"href":"https:\/\/www.notiflashmexiquense.com.mx\/index.php?rest_route=\/wp\/v2\/media\/9350"}],"wp:attachment":[{"href":"https:\/\/www.notiflashmexiquense.com.mx\/index.php?rest_route=%2Fwp%2Fv2%2Fmedia&parent=9349"}],"wp:term":[{"taxonomy":"category","embeddable":true,"href":"https:\/\/www.notiflashmexiquense.com.mx\/index.php?rest_route=%2Fwp%2Fv2%2Fcategories&post=9349"},{"taxonomy":"post_tag","embeddable":true,"href":"https:\/\/www.notiflashmexiquense.com.mx\/index.php?rest_route=%2Fwp%2Fv2%2Ftags&post=9349"}],"curies":[{"name":"wp","href":"https:\/\/api.w.org\/{rel}","templated":true}]}}