{"id":9346,"date":"2022-09-19T23:50:32","date_gmt":"2022-09-19T23:50:32","guid":{"rendered":"https:\/\/www.notiflashmexiquense.com.mx\/?p=9346"},"modified":"2022-09-19T23:50:33","modified_gmt":"2022-09-19T23:50:33","slug":"el-priismo-mexiquense-esta-mas-vivo-que-nunca-eric-sevilla","status":"publish","type":"post","link":"https:\/\/www.notiflashmexiquense.com.mx\/?p=9346","title":{"rendered":"EL PRIISMO MEXIQUENSE EST\u00c1 M\u00c1S VIVO QUE NUNCA: ERIC SEVILLA"},"content":{"rendered":"\n<p>\u00b7&nbsp;&nbsp;&nbsp;&nbsp;&nbsp;&nbsp;La estructura del PRI est\u00e1 preparada para ganar el 2023 y despu\u00e9s vamos por el 2024, manifest\u00f3 el l\u00edder partidista. &nbsp;<\/p>\n\n\n\n<p><br>El esfuerzo por ganar la contienda del 2023 empieza en la militancia priista del Estado de M\u00e9xico que est\u00e1 organizada y decidida a defender el futuro del pa\u00eds con su activismo, dej\u00f3 en claro el presidente del Comit\u00e9 Directivo Estatal (CDE), Eric Sevilla. &nbsp;<br><br>\u201cEstamos m\u00e1s vivos que nunca y listos para ofrecer una gran batalla electoral con una estructura militante renovada, vamos a demostrar el tama\u00f1o del priismo mexiquense\u201d, asegur\u00f3 luego de reunirse con delegados y coordinadores regionales de este instituto pol\u00edtico.&nbsp;<\/p>\n\n\n\n<p><br>Viene una competencia re\u00f1ida, \u201cuna lucha palmo a palmo, vienen d\u00edas de mucha pelea electoral y por eso nos estamos reestructurando en las dirigencias municipales y sus consejos pol\u00edticos, porque en el PRI no se destapan corcholatas\u201d, puntualiz\u00f3.&nbsp;<\/p>\n\n\n\n<p><br>Con m\u00e1s de 80 municipios visitados en lo que va de su dirigencia, se\u00f1al\u00f3 que el pr\u00f3ximo a\u00f1o los priistas vivir\u00e1n la batalla m\u00e1s \u00e9pica y con la frente en alto se tomar\u00e1n las calles para convencer y \u201clo vamos a lograr porque vivimos la circunstancia m\u00e1s triste y dram\u00e1tica en el pa\u00eds\u201d.&nbsp;<\/p>\n\n\n\n<p><br>Con mesura, consistencia y sapiencia la militancia del Revolucionario Institucional tiene capacidad de resiliencia y se repone muy r\u00e1pido para seguir en el activismo pol\u00edtico. &nbsp;\u201cLos quiero a todos listos para lo que venga, somos m\u00e1s de 76 mil soldados que van contra un r\u00e9gimen autoritario y de ocurrencias\u201d, dijo.&nbsp;<\/p>\n\n\n\n<p><br>Tenemos que ganar con la gran capacidad que tiene nuestro Partido para emprender las campa\u00f1as pol\u00edticas, \u201cconcluyamos esta gran fase de reestructuraci\u00f3n del Revolucionario Institucional para asumir la responsabilidad nacional de defender la libertad y la democracia en nuestro pa\u00eds\u201d, agreg\u00f3.&nbsp;<\/p>\n\n\n\n<p><br>Los gobiernos del PRI le han dado mucho a M\u00e9xico, dijo el l\u00edder priista al establecer que \u201ceste es el gran priismo nacional que est\u00e1 en la entidad mexiquense, aqu\u00ed est\u00e1 el&nbsp;PRI emblem\u00e1tico preparado para ganar el 2023, despu\u00e9s estaremos m\u00e1s vivos que nunca &nbsp;para recuperar el rumbo de nuestra patria\u201d.<\/p>\n","protected":false},"excerpt":{"rendered":"<p>&middot;&nbsp;&nbsp;&nbsp;&nbsp;&nbsp;&nbsp;La estructura del PRI est&aacute; preparada para ganar el 2023 y despu&eacute;s vamos por el&#8230;<\/p>\n","protected":false},"author":1,"featured_media":9347,"comment_status":"closed","ping_status":"closed","sticky":false,"template":"","format":"standard","meta":{"footnotes":""},"categories":[65],"tags":[],"class_list":["post-9346","post","type-post","status-publish","format-standard","has-post-thumbnail","hentry","category-pri-estado-de-mexico"],"_links":{"self":[{"href":"https:\/\/www.notiflashmexiquense.com.mx\/index.php?rest_route=\/wp\/v2\/posts\/9346","targetHints":{"allow":["GET"]}}],"collection":[{"href":"https:\/\/www.notiflashmexiquense.com.mx\/index.php?rest_route=\/wp\/v2\/posts"}],"about":[{"href":"https:\/\/www.notiflashmexiquense.com.mx\/index.php?rest_route=\/wp\/v2\/types\/post"}],"author":[{"embeddable":true,"href":"https:\/\/www.notiflashmexiquense.com.mx\/index.php?rest_route=\/wp\/v2\/users\/1"}],"replies":[{"embeddable":true,"href":"https:\/\/www.notiflashmexiquense.com.mx\/index.php?rest_route=%2Fwp%2Fv2%2Fcomments&post=9346"}],"version-history":[{"count":1,"href":"https:\/\/www.notiflashmexiquense.com.mx\/index.php?rest_route=\/wp\/v2\/posts\/9346\/revisions"}],"predecessor-version":[{"id":9348,"href":"https:\/\/www.notiflashmexiquense.com.mx\/index.php?rest_route=\/wp\/v2\/posts\/9346\/revisions\/9348"}],"wp:featuredmedia":[{"embeddable":true,"href":"https:\/\/www.notiflashmexiquense.com.mx\/index.php?rest_route=\/wp\/v2\/media\/9347"}],"wp:attachment":[{"href":"https:\/\/www.notiflashmexiquense.com.mx\/index.php?rest_route=%2Fwp%2Fv2%2Fmedia&parent=9346"}],"wp:term":[{"taxonomy":"category","embeddable":true,"href":"https:\/\/www.notiflashmexiquense.com.mx\/index.php?rest_route=%2Fwp%2Fv2%2Fcategories&post=9346"},{"taxonomy":"post_tag","embeddable":true,"href":"https:\/\/www.notiflashmexiquense.com.mx\/index.php?rest_route=%2Fwp%2Fv2%2Ftags&post=9346"}],"curies":[{"name":"wp","href":"https:\/\/api.w.org\/{rel}","templated":true}]}}