{"id":91,"date":"2021-02-06T04:22:22","date_gmt":"2021-02-06T04:22:22","guid":{"rendered":"https:\/\/www.notiflashmexiquense.com.mx\/?p=91"},"modified":"2021-02-06T04:38:16","modified_gmt":"2021-02-06T04:38:16","slug":"alcaldesa-ruth-olvera-nieto-develo-bando-municipal-2021","status":"publish","type":"post","link":"https:\/\/www.notiflashmexiquense.com.mx\/?p=91","title":{"rendered":"ALCALDESA RUTH OLVERA NIETO DEVEL\u00d3 BANDO MUNICIPAL 2021"},"content":{"rendered":"\n<p>Al encabezar el acto conmemorativo por el 104 Aniversario de la promulgaci\u00f3n de la Constituci\u00f3n Pol\u00edtica de los Estados Unidos Mexicanos de 1917, la Alcaldesa Ruth Olvera Nieto devel\u00f3 el Bando Municipal 2021 que entre sus modificaciones y adiciones m\u00e1s relevantes destaca el cumpliento de las medidas sanitarias que determinen las autoridades competentes en caso de contingencia.<\/p>\n\n\n\n<p>Olvera Nieto consider\u00f3 este d\u00eda de gran trascendencia pol\u00edtica y legal para los atizapenses, toda vez que \u201cel Bando Municipal es nuestro marco normativo que estipula los ordenamientos necesarios para que prevalezca orden, paz y gobernabilidad en la demarcaci\u00f3n\u201d.<\/p>\n\n\n\n<p>En el marco de la ceremonia conmemorativa, llevada a cabo en el Patio Central del Palacio Municipal, el Secretario del Ayuntamiento, Francisco Espinosa de los Monteros, realiz\u00f3 un resumen de las reformas y agregados m\u00e1s relevantes del Bando Municipal 2021.<\/p>\n\n\n\n<p>En este sentido, resalt\u00f3 que en el Art\u00edculo 16, que define la integraci\u00f3n de nuestro municipio, se sum\u00f3 la Zona Arqueol\u00f3gica de Mad\u00edn-Calacoaya.<\/p>\n\n\n\n<p>En el art\u00edculo 24 se estableci\u00f3 que los habitantes del municipio y visitantes tendr\u00e1n la obligaci\u00f3n de cumplir con las medidas sanitarias que determinen las autoridades competentes en caso de contingencia, como el uso correcto del cubrebocas y, en su caso, equipo de protecci\u00f3n personal, para minimizar los riesgos de infecci\u00f3n.<\/p>\n\n\n\n<p>En este sentido, ser\u00e1 facultad de Seguridad P\u00fablica vigilar y verificar dicho cumplimiento, realizando el exhorto, m\u00e1s no sanciones, a fin de evitar cualquier abuso por parte de los uniformados.<\/p>\n\n\n\n<p>Espinosa de los Monteros, refiri\u00f3 que la mayor reforma al Bando Municipal fue la incorporaci\u00f3n del Art\u00edculo 66, que establece que todas las unidades econ\u00f3micas tienen la obligaci\u00f3n de aplicar las medidas sanitarias cuando se permita su funcionamiento en una situaci\u00f3n de emergencia, a fin de proteger al personal y los clientes.<\/p>\n\n\n\n<p>Detalla que deber\u00e1n adoptar como m\u00ednimo las siguientes medidas: 1.Disminuci\u00f3n del aforo en al menos un 50% respecto al autorizado en la licencia; 2.Garantizar una sana distancia de al menos 1.5 m entre los usuarios; 3. Permitir el acceso a los clientes s\u00f3lo de manera individual salvo casos en que se justifique; 4. Abstenerse de permitir el acceso a personas que incumplan; 5. Evitar las aglomeraciones al interior y exterior de la unidad econ\u00f3mica, entre otras.<\/p>\n\n\n\n<p>En entrevista, la presidenta municipal Ruth Olvera apunt\u00f3 la importancia de que los ciudadanos paseen a su mascotas con correa y levanten las heces; as\u00ed como el hecho de seguir colaborando para mantener limpio el municipio y evitar las inundaciones.<\/p>\n","protected":false},"excerpt":{"rendered":"<p>Al encabezar el acto conmemorativo por el 104 Aniversario de la promulgaci&oacute;n de la Constituci&oacute;n&#8230;<\/p>\n","protected":false},"author":1,"featured_media":97,"comment_status":"closed","ping_status":"closed","sticky":false,"template":"","format":"standard","meta":{"footnotes":""},"categories":[1],"tags":[],"class_list":["post-91","post","type-post","status-publish","format-standard","has-post-thumbnail","hentry","category-noticias"],"_links":{"self":[{"href":"https:\/\/www.notiflashmexiquense.com.mx\/index.php?rest_route=\/wp\/v2\/posts\/91","targetHints":{"allow":["GET"]}}],"collection":[{"href":"https:\/\/www.notiflashmexiquense.com.mx\/index.php?rest_route=\/wp\/v2\/posts"}],"about":[{"href":"https:\/\/www.notiflashmexiquense.com.mx\/index.php?rest_route=\/wp\/v2\/types\/post"}],"author":[{"embeddable":true,"href":"https:\/\/www.notiflashmexiquense.com.mx\/index.php?rest_route=\/wp\/v2\/users\/1"}],"replies":[{"embeddable":true,"href":"https:\/\/www.notiflashmexiquense.com.mx\/index.php?rest_route=%2Fwp%2Fv2%2Fcomments&post=91"}],"version-history":[{"count":1,"href":"https:\/\/www.notiflashmexiquense.com.mx\/index.php?rest_route=\/wp\/v2\/posts\/91\/revisions"}],"predecessor-version":[{"id":93,"href":"https:\/\/www.notiflashmexiquense.com.mx\/index.php?rest_route=\/wp\/v2\/posts\/91\/revisions\/93"}],"wp:featuredmedia":[{"embeddable":true,"href":"https:\/\/www.notiflashmexiquense.com.mx\/index.php?rest_route=\/wp\/v2\/media\/97"}],"wp:attachment":[{"href":"https:\/\/www.notiflashmexiquense.com.mx\/index.php?rest_route=%2Fwp%2Fv2%2Fmedia&parent=91"}],"wp:term":[{"taxonomy":"category","embeddable":true,"href":"https:\/\/www.notiflashmexiquense.com.mx\/index.php?rest_route=%2Fwp%2Fv2%2Fcategories&post=91"},{"taxonomy":"post_tag","embeddable":true,"href":"https:\/\/www.notiflashmexiquense.com.mx\/index.php?rest_route=%2Fwp%2Fv2%2Ftags&post=91"}],"curies":[{"name":"wp","href":"https:\/\/api.w.org\/{rel}","templated":true}]}}