{"id":7795,"date":"2022-07-19T23:04:56","date_gmt":"2022-07-19T23:04:56","guid":{"rendered":"https:\/\/www.notiflashmexiquense.com.mx\/?p=7795"},"modified":"2022-07-19T23:04:57","modified_gmt":"2022-07-19T23:04:57","slug":"cuerpos-de-seguridad-estatal-infiltrados-por-delincuencia-faustino-de-la-cruz","status":"publish","type":"post","link":"https:\/\/www.notiflashmexiquense.com.mx\/?p=7795","title":{"rendered":"Cuerpos de seguridad estatal, infiltrados por delincuencia: Faustino de la Cruz"},"content":{"rendered":"\n<p>\uf0fc Gobernador Alfredo del Mazo debe llamar a cuentas al Secretario de Seguridad<\/p>\n\n\n\n<p>\uf0fc Gobierno estatal fracas\u00f3 en dar seguridad a mexiquenses<\/p>\n\n\n\n<p>Toluca, M\u00e9x., a 19 de julio de 2022. Tras la detenci\u00f3n de cinco polic\u00edas de investigaci\u00f3n de la Fiscal\u00eda General y cuatro elementos de la Secretar\u00eda de Seguridad Estatal, acusados de secuestro expr\u00e9s y extorsi\u00f3n, el diputado Faustino de la Cruz P\u00e9rez asever\u00f3 que ello es muestra de que los cuerpos de seguridad estatal est\u00e1n infiltrados por la delincuencia.<\/p>\n\n\n\n<p>\u201cEs lamentable comprobar lo que se ven\u00eda diciendo a gritos, que la Fiscal\u00eda y los cuerpos de seguridad del Estado, est\u00e1n infiltrados y que se han generado cotos de poder para extorsionar y lesionar a los mexiquenses, esta situaci\u00f3n de los detenidos no es m\u00e1s que una muestra que la instituci\u00f3n est\u00e1 corrompida\u201d, puntualiz\u00f3 el diputado de Morena.<\/p>\n\n\n\n<p>De acuerdo con estad\u00edsticas del Secretariado Ejecutivo del Sistema Nacional de Seguridad P\u00fablica, el delito de extorsi\u00f3n ha ido al alza a largo de la administraci\u00f3n del Gobernador Alfredo del Mazo, al registrar en 2018 &#8211; 1629 denuncias; en 2019 &#8211; 2487; 2020 &#8211; 2995; 2021 \u2013 3302, y en cinco meses de 2022, van 1813.<\/p>\n\n\n\n<p>Tan solo en lo que va del a\u00f1o, las denuncias por extorsi\u00f3n han aumentado y de un mes a otro casi se duplicaron: enero 267; febrero, 244; marzo, 287; abril, 460 y hasta mayo, 555 casos. Mientras que por secuestro, van 697 casos denunciados en el actual gobierno.<\/p>\n\n\n\n<p>El legislador, quien forma parte de la Comisi\u00f3n de Procuraci\u00f3n y Administraci\u00f3n de Justicia, reconoci\u00f3 la actuaci\u00f3n del Fiscal General, Jos\u00e9 Luis Cervantes Mart\u00ednez de cumplir con el compromiso que hizo en la Legislatura local tras su designaci\u00f3n, de limpiar a fondo la instituci\u00f3n, lo cual realiza desde hace unos meses con diversas acciones.<\/p>\n\n\n\n<p>Sin embargo, lament\u00f3 que estas detenciones tambi\u00e9n muestran un fracaso del Gobierno del Estado para brindar seguridad a los mexiquenses, a\u00fan con la divisi\u00f3n de poderes, pues durante a\u00f1os hubo un v\u00ednculo directo con el Poder Judicial y fue la oficial\u00eda de partes del Ejecutivo estatal.<\/p>\n\n\n\n<p>\u201cOjal\u00e1 en este marco de la autonom\u00eda siga avanzando, falta mucho por hacer y espero que los resultados que vaya arroj\u00e1ndose y las acciones que vaya tomando el Fiscal vaya en beneficio de limpiar la corporaci\u00f3n y la instituci\u00f3n y ser garante de la procuraci\u00f3n de justicia en el Estado de M\u00e9xico\u201d.<\/p>\n\n\n\n<p>Faustino de la Cruz pidi\u00f3 que el Gobernador Alfredo del Mazo llame a cuentas al Secretario de Seguridad. Rodrigo Mart\u00ednez-Celis en la recta final de su mandato, para que se tomen acciones que permitan dejar mejores resultados que no se han dado en los casi 5 a\u00f1os de su mandato.<\/p>\n","protected":false},"excerpt":{"rendered":"<p>&#61692; Gobernador Alfredo del Mazo debe llamar a cuentas al Secretario de Seguridad &#61692; Gobierno&#8230;<\/p>\n","protected":false},"author":1,"featured_media":7796,"comment_status":"closed","ping_status":"closed","sticky":false,"template":"","format":"standard","meta":{"footnotes":""},"categories":[42],"tags":[],"class_list":["post-7795","post","type-post","status-publish","format-standard","has-post-thumbnail","hentry","category-legislatura-mexiquense-nueva-etapa"],"_links":{"self":[{"href":"https:\/\/www.notiflashmexiquense.com.mx\/index.php?rest_route=\/wp\/v2\/posts\/7795","targetHints":{"allow":["GET"]}}],"collection":[{"href":"https:\/\/www.notiflashmexiquense.com.mx\/index.php?rest_route=\/wp\/v2\/posts"}],"about":[{"href":"https:\/\/www.notiflashmexiquense.com.mx\/index.php?rest_route=\/wp\/v2\/types\/post"}],"author":[{"embeddable":true,"href":"https:\/\/www.notiflashmexiquense.com.mx\/index.php?rest_route=\/wp\/v2\/users\/1"}],"replies":[{"embeddable":true,"href":"https:\/\/www.notiflashmexiquense.com.mx\/index.php?rest_route=%2Fwp%2Fv2%2Fcomments&post=7795"}],"version-history":[{"count":1,"href":"https:\/\/www.notiflashmexiquense.com.mx\/index.php?rest_route=\/wp\/v2\/posts\/7795\/revisions"}],"predecessor-version":[{"id":7797,"href":"https:\/\/www.notiflashmexiquense.com.mx\/index.php?rest_route=\/wp\/v2\/posts\/7795\/revisions\/7797"}],"wp:featuredmedia":[{"embeddable":true,"href":"https:\/\/www.notiflashmexiquense.com.mx\/index.php?rest_route=\/wp\/v2\/media\/7796"}],"wp:attachment":[{"href":"https:\/\/www.notiflashmexiquense.com.mx\/index.php?rest_route=%2Fwp%2Fv2%2Fmedia&parent=7795"}],"wp:term":[{"taxonomy":"category","embeddable":true,"href":"https:\/\/www.notiflashmexiquense.com.mx\/index.php?rest_route=%2Fwp%2Fv2%2Fcategories&post=7795"},{"taxonomy":"post_tag","embeddable":true,"href":"https:\/\/www.notiflashmexiquense.com.mx\/index.php?rest_route=%2Fwp%2Fv2%2Ftags&post=7795"}],"curies":[{"name":"wp","href":"https:\/\/api.w.org\/{rel}","templated":true}]}}