{"id":7785,"date":"2022-07-19T02:00:24","date_gmt":"2022-07-19T02:00:24","guid":{"rendered":"https:\/\/www.notiflashmexiquense.com.mx\/?p=7785"},"modified":"2022-07-19T02:00:25","modified_gmt":"2022-07-19T02:00:25","slug":"se-registra-corto-circuito-que-provoca-incendio-en-oficina-de-palacio-municipal-de-tlalnepantla","status":"publish","type":"post","link":"https:\/\/www.notiflashmexiquense.com.mx\/?p=7785","title":{"rendered":"Se registra corto circuito que provoca incendio en oficina de palacio municipal de Tlalnepantla"},"content":{"rendered":"\n<p>Esta tarde se registr\u00f3 en el \u00e1rea de las oficinas de la Secretar\u00eda T\u00e9cnica de la Presidencia Municipal de Tlalnepantla un incendio presuntamente iniciado por un corto circuito. Afortunadamente no hay v\u00edctimas ni heridos que lamentar y solo da\u00f1os materiales menores.<\/p>\n\n\n\n<p>Bomberos y personal de Protecci\u00f3n Civil del municipio acudieron de inmediato a sofocar la conflagraci\u00f3n registrada en la planta alta del Ayuntamiento. La zona fue acordonada para evitar el ingreso de personas ajenas.<\/p>\n\n\n\n<p>Los sistemas de seguridad fueron activados conforme a los protocolos, por lo que el personal que se encontraba en ese momento en el inmueble municipal fue desalojado sin complicaciones.<\/p>\n\n\n\n<p>El Secretario del Ayuntamiento, Edmundo Ranero Barrera, acudi\u00f3 hasta el lugar del siniestro por instrucciones del Presidente Municipal, Marco Antonio Rodr\u00edguez Hurtado para verificar, de manera personal, las labores de los elementos de rescate y prevenci\u00f3n.<\/p>\n\n\n\n<p>Luego de varios minutos de intenso trabajo, el incendio fue controlado por los bomberos y elementos de PC, quienes no reportaron lesionados.<\/p>\n\n\n\n<p>De acuerdo con las primeras investigaciones, la conflagraci\u00f3n se origin\u00f3 debido a un corto circuito.<\/p>\n","protected":false},"excerpt":{"rendered":"<p>Esta tarde se registr&oacute; en el &aacute;rea de las oficinas de la Secretar&iacute;a T&eacute;cnica de&#8230;<\/p>\n","protected":false},"author":1,"featured_media":7786,"comment_status":"closed","ping_status":"closed","sticky":false,"template":"","format":"standard","meta":{"footnotes":""},"categories":[45],"tags":[],"class_list":["post-7785","post","type-post","status-publish","format-standard","has-post-thumbnail","hentry","category-atizapan-de-zaragoza"],"_links":{"self":[{"href":"https:\/\/www.notiflashmexiquense.com.mx\/index.php?rest_route=\/wp\/v2\/posts\/7785","targetHints":{"allow":["GET"]}}],"collection":[{"href":"https:\/\/www.notiflashmexiquense.com.mx\/index.php?rest_route=\/wp\/v2\/posts"}],"about":[{"href":"https:\/\/www.notiflashmexiquense.com.mx\/index.php?rest_route=\/wp\/v2\/types\/post"}],"author":[{"embeddable":true,"href":"https:\/\/www.notiflashmexiquense.com.mx\/index.php?rest_route=\/wp\/v2\/users\/1"}],"replies":[{"embeddable":true,"href":"https:\/\/www.notiflashmexiquense.com.mx\/index.php?rest_route=%2Fwp%2Fv2%2Fcomments&post=7785"}],"version-history":[{"count":1,"href":"https:\/\/www.notiflashmexiquense.com.mx\/index.php?rest_route=\/wp\/v2\/posts\/7785\/revisions"}],"predecessor-version":[{"id":7787,"href":"https:\/\/www.notiflashmexiquense.com.mx\/index.php?rest_route=\/wp\/v2\/posts\/7785\/revisions\/7787"}],"wp:featuredmedia":[{"embeddable":true,"href":"https:\/\/www.notiflashmexiquense.com.mx\/index.php?rest_route=\/wp\/v2\/media\/7786"}],"wp:attachment":[{"href":"https:\/\/www.notiflashmexiquense.com.mx\/index.php?rest_route=%2Fwp%2Fv2%2Fmedia&parent=7785"}],"wp:term":[{"taxonomy":"category","embeddable":true,"href":"https:\/\/www.notiflashmexiquense.com.mx\/index.php?rest_route=%2Fwp%2Fv2%2Fcategories&post=7785"},{"taxonomy":"post_tag","embeddable":true,"href":"https:\/\/www.notiflashmexiquense.com.mx\/index.php?rest_route=%2Fwp%2Fv2%2Ftags&post=7785"}],"curies":[{"name":"wp","href":"https:\/\/api.w.org\/{rel}","templated":true}]}}