{"id":7779,"date":"2022-07-18T22:06:54","date_gmt":"2022-07-18T22:06:54","guid":{"rendered":"https:\/\/www.notiflashmexiquense.com.mx\/?p=7779"},"modified":"2022-07-18T22:06:55","modified_gmt":"2022-07-18T22:06:55","slug":"incluiran-pruebas-rapidas-covid-en-jornadas-de-salud-en-tlalnepantla","status":"publish","type":"post","link":"https:\/\/www.notiflashmexiquense.com.mx\/?p=7779","title":{"rendered":"INCLUIR\u00c1N PRUEBAS R\u00c1PIDAS COVID EN JORNADAS DE SALUD EN TLALNEPANTLA"},"content":{"rendered":"\n<p>\u25cf Tony Rodr\u00edguez se\u00f1ala frente al aumento de contagios, la prioridad es la poblaci\u00f3n en general<br>\u25cf Al 16 de julio se han presentado 49 mil 770 casos confirmados de coronavirus en el municipio<\/p>\n\n\n\n<p><em>Tlalnepantla de Baz, Estado de M\u00e9xico, a 18 de julio de 2022.-<\/em> Ante el incremento de casos de Covid-19, el Alcalde de Tlalnepantla, Marco Antonio Rodr\u00edguez Hurtado, inform\u00f3 que se revisa el presupuesto para incluir las pruebas de detecci\u00f3n r\u00e1pida del virus en las jornadas de salud que realiza su gobierno en varias zonas del municipio.<\/p>\n\n\n\n<p>Dijo que, en esta quinta ola de contagios de coronavirus el objetivo de su gobierno es cuidar la salud de la poblaci\u00f3n, y ratific\u00f3 el llamado a no bajar la guardia y mantener las medidas de prevenci\u00f3n como uso de cubrebocas, sana distancia y la aplicaci\u00f3n constante de gel antibacterial.<\/p>\n\n\n\n<p>\u201cHabr\u00e1 que ver un presupuesto porque las pruebas en las olas de contagio suben como la ola, y es un tema que estamos revisando. S\u00ed se atiende el tema, sobre todo por la urgencia de la sociedad y que se pueda ver el esquema que incluso en las jornadas que se tienen en la semana se puedan meter estas pruebas\u201d, indic\u00f3.<\/p>\n\n\n\n<p>Tony Rodr\u00edguez record\u00f3 que se realizan pruebas antiCovid en las diferentes \u00e1reas de la Administraci\u00f3n P\u00fablica Municipal, dado que ha habido un contagio ya permanente.<\/p>\n\n\n\n<p>De acuerdo con datos oficiales de la Secretar\u00eda de Salud federal, en Tlalnepantla se registraron 49 mil 770 casos confirmados; 1,999 activos; 41,413 recuperados, y 3,084 defunciones al 16 de julio de este a\u00f1o.<\/p>\n\n\n\n<p>El rango de 25 a 29 a\u00f1os presenta el mayor \u00edndice de contagios de la poblaci\u00f3n tlalnepantlense, siendo el sector de las mujeres con m\u00e1s casos, 2,886, por 2,651 de hombres; en tanto que las personas de 95 a 99 a\u00f1os tiene el menor n\u00famero con s\u00f3lo 11 infectados por Covid.<\/p>\n","protected":false},"excerpt":{"rendered":"<p>&#9679; Tony Rodr&iacute;guez se&ntilde;ala frente al aumento de contagios, la prioridad es la poblaci&oacute;n en&#8230;<\/p>\n","protected":false},"author":1,"featured_media":7780,"comment_status":"closed","ping_status":"closed","sticky":false,"template":"","format":"standard","meta":{"footnotes":""},"categories":[45],"tags":[],"class_list":["post-7779","post","type-post","status-publish","format-standard","has-post-thumbnail","hentry","category-atizapan-de-zaragoza"],"_links":{"self":[{"href":"https:\/\/www.notiflashmexiquense.com.mx\/index.php?rest_route=\/wp\/v2\/posts\/7779","targetHints":{"allow":["GET"]}}],"collection":[{"href":"https:\/\/www.notiflashmexiquense.com.mx\/index.php?rest_route=\/wp\/v2\/posts"}],"about":[{"href":"https:\/\/www.notiflashmexiquense.com.mx\/index.php?rest_route=\/wp\/v2\/types\/post"}],"author":[{"embeddable":true,"href":"https:\/\/www.notiflashmexiquense.com.mx\/index.php?rest_route=\/wp\/v2\/users\/1"}],"replies":[{"embeddable":true,"href":"https:\/\/www.notiflashmexiquense.com.mx\/index.php?rest_route=%2Fwp%2Fv2%2Fcomments&post=7779"}],"version-history":[{"count":1,"href":"https:\/\/www.notiflashmexiquense.com.mx\/index.php?rest_route=\/wp\/v2\/posts\/7779\/revisions"}],"predecessor-version":[{"id":7781,"href":"https:\/\/www.notiflashmexiquense.com.mx\/index.php?rest_route=\/wp\/v2\/posts\/7779\/revisions\/7781"}],"wp:featuredmedia":[{"embeddable":true,"href":"https:\/\/www.notiflashmexiquense.com.mx\/index.php?rest_route=\/wp\/v2\/media\/7780"}],"wp:attachment":[{"href":"https:\/\/www.notiflashmexiquense.com.mx\/index.php?rest_route=%2Fwp%2Fv2%2Fmedia&parent=7779"}],"wp:term":[{"taxonomy":"category","embeddable":true,"href":"https:\/\/www.notiflashmexiquense.com.mx\/index.php?rest_route=%2Fwp%2Fv2%2Fcategories&post=7779"},{"taxonomy":"post_tag","embeddable":true,"href":"https:\/\/www.notiflashmexiquense.com.mx\/index.php?rest_route=%2Fwp%2Fv2%2Ftags&post=7779"}],"curies":[{"name":"wp","href":"https:\/\/api.w.org\/{rel}","templated":true}]}}