{"id":7767,"date":"2022-07-18T19:40:35","date_gmt":"2022-07-18T19:40:35","guid":{"rendered":"https:\/\/www.notiflashmexiquense.com.mx\/?p=7767"},"modified":"2022-07-18T19:40:36","modified_gmt":"2022-07-18T19:40:36","slug":"se-unen-ayuntamiento-de-atizapan-de-zaragoza-y-el-icati-y-para-apoyar-a-jovenes-apuestan-por-imparticion-de-cursos","status":"publish","type":"post","link":"https:\/\/www.notiflashmexiquense.com.mx\/?p=7767","title":{"rendered":"SE UNEN AYUNTAMIENTO DE ATIZAP\u00c1N DE ZARAGOZA Y EL ICATI Y PARA APOYAR A J\u00d3VENES; APUESTAN POR IMPARTICI\u00d3N DE CURSOS"},"content":{"rendered":"\n<p>Con el objetivo de fomentar el empleo y el autoempleo a trav\u00e9s de cursos de capacitaci\u00f3n, el Ayuntamiento de Atizap\u00e1n de Zaragoza y el Instituto de Capacitaci\u00f3n y Adiestramiento para el Trabajo Industrial (ICATI) firmaron un convenio de colaboraci\u00f3n.<\/p>\n\n\n\n<p>De acuerdo con el Alcalde, Pedro Rodr\u00edguez Villegas, esto ayudar\u00e1 a que los alumnos adquieran nuevos conocimientos, los apliquen y as\u00ed puedan asegurar el sustento para sus familias.<\/p>\n\n\n\n<p>Adem\u00e1s, destac\u00f3 el trabajo que su gesti\u00f3n ha hecho en materia laboral.<\/p>\n\n\n\n<p>\u201cEste Gobierno es un impulsor del empleo. A trav\u00e9s de este tipo de capacitaciones, esta Administraci\u00f3n quiere impulsar y brindar oportunidades laborales en nuestro municipio.<\/p>\n\n\n\n<p>\u201cEs por eso que hemos llevado la Bolsa de Trabajo en tu Comunidad. Igualmente, hemos organizado las bolsas de empleo virtuales para poder acercar la informaci\u00f3n. El pasado mes de junio llevamos a cabo nuestra Primera Feria del Empleo Presencial en la que pudimos vincular a m\u00e1s de mil 500 personas a la oferta de trabajo\u201d, dijo Rodr\u00edguez Villegas.<\/p>\n\n\n\n<p>La Escuela de artes y Oficios (Edayo) de Atizap\u00e1n de Zaragoza, adscrita al ICATI, abri\u00f3 sus puertas en 1998, cuando ten\u00eda disponibles los talleres de Confecci\u00f3n, Computaci\u00f3n y Mantenimiento automotriz.<\/p>\n\n\n\n<p>A 24 a\u00f1os, ha duplicado esa oferta acad\u00e9mica y cuenta actualmente con siete \u00e1reas: creaci\u00f3n y confecci\u00f3n de prendas, estilismo y dise\u00f1o de imagen, electr\u00f3nica automotriz, gastronom\u00eda, mec\u00e1nica automotriz, sastrer\u00eda y sistemas inform\u00e1ticos<\/p>\n\n\n\n<p>\u201cPor medio de la celebraci\u00f3n de este convenio, el organismo encargado de la capacitaci\u00f3n en la entidad, el ICATI, y el Municipio de Atizap\u00e1n entrelazamos las labores para desarrollar proyectos de inter\u00e9s y beneficio mutuo\u201d, refiri\u00f3 H\u00e9ctor Neme Naime, Director T\u00e9cnico Acad\u00e9mico del ICATI.<\/p>\n\n\n\n<p>Maribel G\u00f3ngora, Secretaria mexiquense del Trabajo, resalt\u00f3 que el beneficio de estos cursos de capacitaci\u00f3n ser\u00e1n un gran beneficio para la poblaci\u00f3n vulnerable.<\/p>\n\n\n\n<p>\u201cLa capacitaci\u00f3n por parte del Gobierno del Estado de M\u00e9xico, el Gobernador lo est\u00e1 materializando a trav\u00e9s de esta informaci\u00f3n que estamos generando para que sea una inserci\u00f3n en el mercado laboral y que podamos beneficiar a m\u00e1s hombres y a m\u00e1s mujeres en esta regi\u00f3n\u201d, a\u00f1adi\u00f3.<\/p>\n","protected":false},"excerpt":{"rendered":"<p>Con el objetivo de fomentar el empleo y el autoempleo a trav&eacute;s de cursos de&#8230;<\/p>\n","protected":false},"author":1,"featured_media":7768,"comment_status":"closed","ping_status":"closed","sticky":false,"template":"","format":"standard","meta":{"footnotes":""},"categories":[45],"tags":[],"class_list":["post-7767","post","type-post","status-publish","format-standard","has-post-thumbnail","hentry","category-atizapan-de-zaragoza"],"_links":{"self":[{"href":"https:\/\/www.notiflashmexiquense.com.mx\/index.php?rest_route=\/wp\/v2\/posts\/7767","targetHints":{"allow":["GET"]}}],"collection":[{"href":"https:\/\/www.notiflashmexiquense.com.mx\/index.php?rest_route=\/wp\/v2\/posts"}],"about":[{"href":"https:\/\/www.notiflashmexiquense.com.mx\/index.php?rest_route=\/wp\/v2\/types\/post"}],"author":[{"embeddable":true,"href":"https:\/\/www.notiflashmexiquense.com.mx\/index.php?rest_route=\/wp\/v2\/users\/1"}],"replies":[{"embeddable":true,"href":"https:\/\/www.notiflashmexiquense.com.mx\/index.php?rest_route=%2Fwp%2Fv2%2Fcomments&post=7767"}],"version-history":[{"count":1,"href":"https:\/\/www.notiflashmexiquense.com.mx\/index.php?rest_route=\/wp\/v2\/posts\/7767\/revisions"}],"predecessor-version":[{"id":7769,"href":"https:\/\/www.notiflashmexiquense.com.mx\/index.php?rest_route=\/wp\/v2\/posts\/7767\/revisions\/7769"}],"wp:featuredmedia":[{"embeddable":true,"href":"https:\/\/www.notiflashmexiquense.com.mx\/index.php?rest_route=\/wp\/v2\/media\/7768"}],"wp:attachment":[{"href":"https:\/\/www.notiflashmexiquense.com.mx\/index.php?rest_route=%2Fwp%2Fv2%2Fmedia&parent=7767"}],"wp:term":[{"taxonomy":"category","embeddable":true,"href":"https:\/\/www.notiflashmexiquense.com.mx\/index.php?rest_route=%2Fwp%2Fv2%2Fcategories&post=7767"},{"taxonomy":"post_tag","embeddable":true,"href":"https:\/\/www.notiflashmexiquense.com.mx\/index.php?rest_route=%2Fwp%2Fv2%2Ftags&post=7767"}],"curies":[{"name":"wp","href":"https:\/\/api.w.org\/{rel}","templated":true}]}}