{"id":7751,"date":"2022-07-17T19:37:42","date_gmt":"2022-07-17T19:37:42","guid":{"rendered":"https:\/\/www.notiflashmexiquense.com.mx\/?p=7751"},"modified":"2022-07-17T19:37:43","modified_gmt":"2022-07-17T19:37:43","slug":"rinden-protesta-representantes-de-comites-de-seguridad-ciudadana-en-atizapan-de-zaragoza-participacion-de-atizapenses-reforzara-las-labores","status":"publish","type":"post","link":"https:\/\/www.notiflashmexiquense.com.mx\/?p=7751","title":{"rendered":"RINDEN PROTESTA REPRESENTANTES DE COMIT\u00c9S DE SEGURIDAD CIUDADANA EN ATIZAP\u00c1N DE ZARAGOZA; PARTICIPACI\u00d3N DE ATIZAPENSES REFORZAR\u00c1 LAS LABORES"},"content":{"rendered":"\n<p>Veinti\u00fan jefes de sector y ciudadanos rindieron protesta ante el Presidente Municipal, Pedro Rodr\u00edguez Villegas, como miembros de los Comit\u00e9s de Seguridad Ciudadana.<\/p>\n\n\n\n<p>La ceremonia se realiz\u00f3 en el Teatro Zaragoza, donde el Alcalde recalc\u00f3 la necesidad de que vecinos y vecinas se involucren para reforzar las tareas de seguridad en el territorio municipal para hacer de Atizap\u00e1n de Zaragoza la demarcaci\u00f3n m\u00e1s segura del Estado de M\u00e9xico y del pa\u00eds.<\/p>\n\n\n\n<p>\u201cSabemos todos que la mayor preocupaci\u00f3n que tienen, no nada m\u00e1s los atizapenses, sino todos los mexicanos es, precisamente, la falta de seguridad y hoy lo que requerimos es la suma de esfuerzos y la suma de voluntades.<\/p>\n\n\n\n<p>\u201cEl hecho de que ustedes est\u00e9n aqu\u00ed presentes consolida esta obligaci\u00f3n ciudadana que tenemos de participar en todos los temas\u201d, destac\u00f3 el Alcalde.<\/p>\n\n\n\n<p>Por su parte, Fabi\u00e1n Ricardo G\u00f3mez Calc\u00e1neo, Director de Seguridad P\u00fablica y Tr\u00e1nsito Municipal, present\u00f3 a los nuevos 21 jefes de sector, adem\u00e1s de explicar que los sectores se est\u00e1n redistribuyendo para tener uno m\u00e1s en el municipio.<\/p>\n\n\n\n<p>Cada uno de los sectores, dijo, est\u00e1 integrado por cuadrantes de los cuales la extensi\u00f3n depende de la incidencia delictiva que se tenga en esas zonas.<\/p>\n\n\n\n<p>\u201cEn un sector o en un cuadrante donde la incidencia delictiva es mayor, el cuadrante es m\u00e1s peque\u00f1o para compactar la vigilancia. Si la incidencia delictiva es menor, el cuadrante es m\u00e1s extenso porque nos permite mayor posibilidad de recorridos\u201d, detall\u00f3 el mando.<\/p>\n\n\n\n<p>\u201cEsta estructura permite que los principales expertos en seguridad participen con nosotros. Quienes viven en sus colonias son ustedes, quienes viven y enfrentan la realidad son ustedes. Pero tengan la certeza de que toda la delimitaci\u00f3n de cuadrantes en Atizap\u00e1n de Zaragoza est\u00e1 previamente evaluada y medida con la incidencia delictiva que nosotros conocemos\u201d.<\/p>\n\n\n\n<p>Grisel Tamez Mier, representante del Sector 2, Cuadrante 3, y Claudio Enrique Rodr\u00edguez Vargas, del Sector 18, Cuadrante 5, agradecieron a las autoridades el acercamiento con la ciudadan\u00eda en materia de seguridad.<\/p>\n\n\n\n<p>\u201cComencemos por tener una mejor interacci\u00f3n con nuestras autoridades y una interacci\u00f3n m\u00e1s respetuosa, m\u00e1s entregada, en un ambiente de respeto mutuo, monitoreemos, compartamos responsablemente las herramientas que este Gobierno nos da\u201d, extern\u00f3 Rodr\u00edguez Vargas.<\/p>\n","protected":false},"excerpt":{"rendered":"<p>Veinti&uacute;n jefes de sector y ciudadanos rindieron protesta ante el Presidente Municipal, Pedro Rodr&iacute;guez Villegas,&#8230;<\/p>\n","protected":false},"author":1,"featured_media":7752,"comment_status":"closed","ping_status":"closed","sticky":false,"template":"","format":"standard","meta":{"footnotes":""},"categories":[45],"tags":[],"class_list":["post-7751","post","type-post","status-publish","format-standard","has-post-thumbnail","hentry","category-atizapan-de-zaragoza"],"_links":{"self":[{"href":"https:\/\/www.notiflashmexiquense.com.mx\/index.php?rest_route=\/wp\/v2\/posts\/7751","targetHints":{"allow":["GET"]}}],"collection":[{"href":"https:\/\/www.notiflashmexiquense.com.mx\/index.php?rest_route=\/wp\/v2\/posts"}],"about":[{"href":"https:\/\/www.notiflashmexiquense.com.mx\/index.php?rest_route=\/wp\/v2\/types\/post"}],"author":[{"embeddable":true,"href":"https:\/\/www.notiflashmexiquense.com.mx\/index.php?rest_route=\/wp\/v2\/users\/1"}],"replies":[{"embeddable":true,"href":"https:\/\/www.notiflashmexiquense.com.mx\/index.php?rest_route=%2Fwp%2Fv2%2Fcomments&post=7751"}],"version-history":[{"count":1,"href":"https:\/\/www.notiflashmexiquense.com.mx\/index.php?rest_route=\/wp\/v2\/posts\/7751\/revisions"}],"predecessor-version":[{"id":7753,"href":"https:\/\/www.notiflashmexiquense.com.mx\/index.php?rest_route=\/wp\/v2\/posts\/7751\/revisions\/7753"}],"wp:featuredmedia":[{"embeddable":true,"href":"https:\/\/www.notiflashmexiquense.com.mx\/index.php?rest_route=\/wp\/v2\/media\/7752"}],"wp:attachment":[{"href":"https:\/\/www.notiflashmexiquense.com.mx\/index.php?rest_route=%2Fwp%2Fv2%2Fmedia&parent=7751"}],"wp:term":[{"taxonomy":"category","embeddable":true,"href":"https:\/\/www.notiflashmexiquense.com.mx\/index.php?rest_route=%2Fwp%2Fv2%2Fcategories&post=7751"},{"taxonomy":"post_tag","embeddable":true,"href":"https:\/\/www.notiflashmexiquense.com.mx\/index.php?rest_route=%2Fwp%2Fv2%2Ftags&post=7751"}],"curies":[{"name":"wp","href":"https:\/\/api.w.org\/{rel}","templated":true}]}}