{"id":7748,"date":"2022-07-17T19:32:15","date_gmt":"2022-07-17T19:32:15","guid":{"rendered":"https:\/\/www.notiflashmexiquense.com.mx\/?p=7748"},"modified":"2022-07-17T19:32:16","modified_gmt":"2022-07-17T19:32:16","slug":"ya-no-hay-lago-de-texcoco-pero-si-hay-esperanza-de-mejorar-el-estado-de-mexico-higinio-martinez","status":"publish","type":"post","link":"https:\/\/www.notiflashmexiquense.com.mx\/?p=7748","title":{"rendered":"Ya no hay lago de Texcoco pero si hay esperanza de mejorar el Estado de M\u00e9xico: Higinio Mart\u00ednez"},"content":{"rendered":"\n<p>*Celebran el 200 Aniversario de la fundaci\u00f3n del Ayuntamiento de Chicoloapan<\/p>\n\n\n\n<p>*Participa la Orquesta de Cuerdas Clan de Chicoloapan, conformada por ni\u00f1os, ni\u00f1as y j\u00f3venes del municipio<\/p>\n\n\n\n<p>Chicoloapan, M\u00e9x, 17 de julio del 2022.- En el marco de la celebraci\u00f3n del 200 Aniversario de la fundaci\u00f3n del Ayuntamiento de Chicoloapan, el senador Higinio Mart\u00ednez Miranda asegur\u00f3 \u201chace 200 a\u00f1os aqu\u00ed en Chicoloapan hab\u00eda 1500 habitantes\u2026hoy hay en Chicoloapan casi 300 mil habitantes\u2026hab\u00eda 4 haciendas\u2026ya no hay haciendas, hab\u00eda lago de Texcoco entonces\u2026 ya no hay lago de Texcoco hab\u00eda chichicuilotes s\u00edmbolo de Chicoloapan y ya no hay chichicuilotes\u2026lo que hay, si nos aferramos a ello, hay esperanza\u201d para mejorar las circunstancias de los habitantes del Valle de M\u00e9xico y del Estado de M\u00e9xico.<\/p>\n\n\n\n<p>Frente a los presentes indic\u00f3 \u201cYo soy Higinio Mart\u00ednez y soy de Texcoco y Texcoco es vecino de Chicoloapan o Chicoloapan es vecino de Texcoco, nos une una frontera, si as\u00ed le podemos llamar, ahora le llamamos l\u00edmites una gran extensi\u00f3n de tierra nos une a los que somos de Chicoloapan con los que somos de Texcoco, en si somos los mismos, solo por cuestiones del destino, m\u00e1s que del destino por cuestiones de los gobernantes o de quienes decid\u00edan hace mucho tiempo, uno se convirti\u00f3 en un municipio y otro en otro municipio, pero es la misma tierra\u2026\u201d<\/p>\n\n\n\n<p>A la vez que narr\u00f3 que en la ma\u00f1ana en el municipio de Texcoco subi\u00f3 al cerro del Tetzcotzinco donde est\u00e1n los restos del palacio de descanso del gran Tlatoani Nezahualc\u00f3yotl, \u201cy con la gente que me acompa\u00f1o dije miren lo que era la maravilla primero de Nezahualc\u00f3yotl de tener un gran palacio y ver el lago de Texcoco en todo su esplendor y las aves que hab\u00eda y la fauna\u2026 eso no podemos regresar. Pero es parte del orgullo\u2026 Esos chichicuilotes que muchos los conocimos y los comimos algunos, los j\u00f3venes no, pero los adultos si com\u00edamos chichicuilotes\u2026Ahora tenemos que trabajar por el presente y futuro\u2026\u201d<\/p>\n\n\n\n<p>En el evento, presidido por la alcaldesa Nancy G\u00f3mez y donde tambi\u00e9n se dieron cita el presidente del Grupo Parlamentario de Morena en la LXI Legislatura Maurilio Hern\u00e1ndez Gonz\u00e1lez, el diputado Adri\u00e1n Galicia y la delegada de Morena en el Estado de M\u00e9xico, Martha Guerrero, adem\u00e1s de presidentes municipales, entre otros invitados especiales, se enfatiz\u00f3 que el 16 de julio de 1822 se erigi\u00f3 el Honorable Ayuntamiento de Chicoloapan obedeciendo las disposiciones de la Constituci\u00f3n de C\u00e1diz.<\/p>\n\n\n\n<p>Durante su participaci\u00f3n la presidenta municipal, precis\u00f3 que \u201ctenemos grandes retos no solo para el municipio, sino tambi\u00e9n para el estado y para el pa\u00eds, hoy hemos sido nosotros parte de la transformaci\u00f3n que se ha dado en nuestro M\u00e9xico, pero tambi\u00e9n queremos ser parte de esa transformaci\u00f3n en el Estado de M\u00e9xico, tambi\u00e9n lo queremos ver, queremos ver un desarrollo, queremos ver un crecimiento, porque nos lo merecemos como mexiquenses\u201d.<\/p>\n\n\n\n<p>Es importante destacar que durante la celebraci\u00f3n de los 200 a\u00f1os de la Erecci\u00f3n del Municipio particip\u00f3 la Orquesta de Cuerdas Clan de Chicoloapan, conformada por ni\u00f1os, ni\u00f1as y j\u00f3venes del municipio y dirigida por Humberto Morales Mart\u00ednez, que interpretaron melod\u00edas como: Reyes Magos, Lejos del Amor, El Feo y La Llorona, Romance de la Luna, entre otras.<\/p>\n\n\n\n<p>Motivo, por el que el diputado y ex alcalde Adri\u00e1n Manuel Galicia Salceda hizo la presentaci\u00f3n oficial y dijo que \u201cEs un honor estar con el Senador\u201d y a\u00f1adi\u00f3 que para Chicoloapan cumplir 200 a\u00f1os municipio brinda identidad a su poblaci\u00f3n, lo que quiere decir de d\u00f3nde venimos, a d\u00f3nde estamos y a d\u00f3nde queremos llegar, por lo que reconoci\u00f3 a la Administraci\u00f3n municipal.<\/p>\n\n\n\n<p>A la vez que agradeci\u00f3 al diputado Maurilio Hern\u00e1ndez su apoyo para la Orquesta de Cuerdas Clan de Chicoloapan.<\/p>\n\n\n\n<p>Y manifest\u00f3 que a pesar de que el Estado de M\u00e9xico es tan rico \u201cen muchas cosas que no ha logrado ver una igualdad social en todos estos a\u00f1os. Este estado que grita justicia que requiere una persona con capacidad\u2026\u201d por lo que conf\u00eda en que con esa persona en la entidad se pueda \u201cvivir mejor\u201d.<\/p>\n","protected":false},"excerpt":{"rendered":"<p>*Celebran el 200 Aniversario de la fundaci&oacute;n del Ayuntamiento de Chicoloapan *Participa la Orquesta de&#8230;<\/p>\n","protected":false},"author":1,"featured_media":7749,"comment_status":"closed","ping_status":"closed","sticky":false,"template":"","format":"standard","meta":{"footnotes":""},"categories":[1],"tags":[],"class_list":["post-7748","post","type-post","status-publish","format-standard","has-post-thumbnail","hentry","category-noticias"],"_links":{"self":[{"href":"https:\/\/www.notiflashmexiquense.com.mx\/index.php?rest_route=\/wp\/v2\/posts\/7748","targetHints":{"allow":["GET"]}}],"collection":[{"href":"https:\/\/www.notiflashmexiquense.com.mx\/index.php?rest_route=\/wp\/v2\/posts"}],"about":[{"href":"https:\/\/www.notiflashmexiquense.com.mx\/index.php?rest_route=\/wp\/v2\/types\/post"}],"author":[{"embeddable":true,"href":"https:\/\/www.notiflashmexiquense.com.mx\/index.php?rest_route=\/wp\/v2\/users\/1"}],"replies":[{"embeddable":true,"href":"https:\/\/www.notiflashmexiquense.com.mx\/index.php?rest_route=%2Fwp%2Fv2%2Fcomments&post=7748"}],"version-history":[{"count":1,"href":"https:\/\/www.notiflashmexiquense.com.mx\/index.php?rest_route=\/wp\/v2\/posts\/7748\/revisions"}],"predecessor-version":[{"id":7750,"href":"https:\/\/www.notiflashmexiquense.com.mx\/index.php?rest_route=\/wp\/v2\/posts\/7748\/revisions\/7750"}],"wp:featuredmedia":[{"embeddable":true,"href":"https:\/\/www.notiflashmexiquense.com.mx\/index.php?rest_route=\/wp\/v2\/media\/7749"}],"wp:attachment":[{"href":"https:\/\/www.notiflashmexiquense.com.mx\/index.php?rest_route=%2Fwp%2Fv2%2Fmedia&parent=7748"}],"wp:term":[{"taxonomy":"category","embeddable":true,"href":"https:\/\/www.notiflashmexiquense.com.mx\/index.php?rest_route=%2Fwp%2Fv2%2Fcategories&post=7748"},{"taxonomy":"post_tag","embeddable":true,"href":"https:\/\/www.notiflashmexiquense.com.mx\/index.php?rest_route=%2Fwp%2Fv2%2Ftags&post=7748"}],"curies":[{"name":"wp","href":"https:\/\/api.w.org\/{rel}","templated":true}]}}