{"id":7742,"date":"2022-07-17T19:14:09","date_gmt":"2022-07-17T19:14:09","guid":{"rendered":"https:\/\/www.notiflashmexiquense.com.mx\/?p=7742"},"modified":"2022-07-17T19:14:09","modified_gmt":"2022-07-17T19:14:09","slug":"higinio-martinez-une-a-morena-para-elegir-mejor-perfil-que-transforme-el-edomex-maurilio-hernandez","status":"publish","type":"post","link":"https:\/\/www.notiflashmexiquense.com.mx\/?p=7742","title":{"rendered":"Higinio Mart\u00ednez une a Morena para elegir mejor perfil que transforme el Edomex: Maurilio Hern\u00e1ndez"},"content":{"rendered":"\n<p>*Rechaza acusaciones de que el senador texcocano genere divisi\u00f3n en el partido<\/p>\n\n\n\n<p>*Pide sensatez y prudencia con lo que se dice y ponerse a trabajar si se aspira a algo<\/p>\n\n\n\n<p>*La divisi\u00f3n en el partido ha sido forjada por los excluyentes y Daniel Serrano fue uno de los principales promotores<\/p>\n\n\n\n<p>Toluca, M\u00e9x., 17 de julio de 2022. El presidente del Consejo Pol\u00edtico Estatal de Morena, Maurilio Hern\u00e1ndez Gonz\u00e1lez, rechaz\u00f3 la acusaci\u00f3n de Daniel Serrano, tambi\u00e9n aspirante a la coordinaci\u00f3n de los Comit\u00e9s de la Cuarta Transformaci\u00f3n en la entidad, de que el senador Higinio Mart\u00ednez genera divisi\u00f3n en el partido, \u00abAcusando a alguien de generar la divisi\u00f3n, cuando es todo lo contrario, el senador est\u00e1 uniendo entorno a una causa justa, la de escoger al mejor perfil para gobernar el estado y transformarlo\u201d.<\/p>\n\n\n\n<p>El tambi\u00e9n coordinador del Grupo Parlamentario de Morena en la LXI Legislatura, reiter\u00f3, \u201clos se\u00f1alamientos lo \u00fanico que provocan es que tenga respuestas, y no de un diputado, sino de muchos y miles que no coinciden con esa visi\u00f3n\u201d.<\/p>\n\n\n\n<p>Maurilio Hern\u00e1ndez, subray\u00f3, la invitaci\u00f3n es ser m\u00e1s sensatos y prudentes con lo que decimos, que nos pongamos a trabajar, porque si aspiramos a algo, nos ganamos las cosas con trabajo y no con declaraciones.<\/p>\n\n\n\n<p>Expres\u00f3, la opini\u00f3n de Daniel Serrano es muy respetable al igual que cualquier otro militante o simpatizante del partido, pero de eso a que le asista la raz\u00f3n, hay una gran distancia, me parece que quienes han creado la divisi\u00f3n, han sido todos aquellos excluyentes, porque \u00e9l fue uno de los principales promotores de la exclusi\u00f3n en el partido, que las condiciones no se le hayan dado en el municipio de Izcalli es otra cosa.<\/p>\n\n\n\n<p>Asimismo, el presidente de la Junta de Coordinaci\u00f3n Pol\u00edtica del Congreso Local, enfatiz\u00f3, la invitaci\u00f3n es declarar con cordura, y que todos asumamos lo que nos toca en cuanto a responsabilidad de construir la unidad del partido.<\/p>\n\n\n\n<p>El diputado de Tultitl\u00e1n, puntualiz\u00f3, la gran mayor\u00eda de los representantes populares, presidentes municipales, regidores y s\u00edndicos, emanados de Morena, desde el 2018 a la fecha coinciden con \u00e9l (Higinio Mart\u00ednez) y lo est\u00e1n acompa\u00f1ando en el prop\u00f3sito y con ellos miles, cientos de miles de militantes y simpatizantes del partido y adem\u00e1s de ciudadanos.<\/p>\n","protected":false},"excerpt":{"rendered":"<p>*Rechaza acusaciones de que el senador texcocano genere divisi&oacute;n en el partido *Pide sensatez y&#8230;<\/p>\n","protected":false},"author":1,"featured_media":7743,"comment_status":"closed","ping_status":"closed","sticky":false,"template":"","format":"standard","meta":{"footnotes":""},"categories":[42],"tags":[],"class_list":["post-7742","post","type-post","status-publish","format-standard","has-post-thumbnail","hentry","category-legislatura-mexiquense-nueva-etapa"],"_links":{"self":[{"href":"https:\/\/www.notiflashmexiquense.com.mx\/index.php?rest_route=\/wp\/v2\/posts\/7742","targetHints":{"allow":["GET"]}}],"collection":[{"href":"https:\/\/www.notiflashmexiquense.com.mx\/index.php?rest_route=\/wp\/v2\/posts"}],"about":[{"href":"https:\/\/www.notiflashmexiquense.com.mx\/index.php?rest_route=\/wp\/v2\/types\/post"}],"author":[{"embeddable":true,"href":"https:\/\/www.notiflashmexiquense.com.mx\/index.php?rest_route=\/wp\/v2\/users\/1"}],"replies":[{"embeddable":true,"href":"https:\/\/www.notiflashmexiquense.com.mx\/index.php?rest_route=%2Fwp%2Fv2%2Fcomments&post=7742"}],"version-history":[{"count":1,"href":"https:\/\/www.notiflashmexiquense.com.mx\/index.php?rest_route=\/wp\/v2\/posts\/7742\/revisions"}],"predecessor-version":[{"id":7744,"href":"https:\/\/www.notiflashmexiquense.com.mx\/index.php?rest_route=\/wp\/v2\/posts\/7742\/revisions\/7744"}],"wp:featuredmedia":[{"embeddable":true,"href":"https:\/\/www.notiflashmexiquense.com.mx\/index.php?rest_route=\/wp\/v2\/media\/7743"}],"wp:attachment":[{"href":"https:\/\/www.notiflashmexiquense.com.mx\/index.php?rest_route=%2Fwp%2Fv2%2Fmedia&parent=7742"}],"wp:term":[{"taxonomy":"category","embeddable":true,"href":"https:\/\/www.notiflashmexiquense.com.mx\/index.php?rest_route=%2Fwp%2Fv2%2Fcategories&post=7742"},{"taxonomy":"post_tag","embeddable":true,"href":"https:\/\/www.notiflashmexiquense.com.mx\/index.php?rest_route=%2Fwp%2Fv2%2Ftags&post=7742"}],"curies":[{"name":"wp","href":"https:\/\/api.w.org\/{rel}","templated":true}]}}