{"id":7733,"date":"2022-07-17T00:41:56","date_gmt":"2022-07-17T00:41:56","guid":{"rendered":"https:\/\/www.notiflashmexiquense.com.mx\/?p=7733"},"modified":"2022-07-17T00:41:57","modified_gmt":"2022-07-17T00:41:57","slug":"tlalnepantla-encabeza-la-jornada-de-reforestacion-en-la-sierra-de-guadalupe-2022","status":"publish","type":"post","link":"https:\/\/www.notiflashmexiquense.com.mx\/?p=7733","title":{"rendered":"TLALNEPANTLA ENCABEZA LA JORNADA DE REFORESTACI\u00d3N EN LA SIERRA DE GUADALUPE 2022*"},"content":{"rendered":"\n<p>\u25cf En territorio tlalnepantlense se plantaron dos mil 500 \u00e1rboles<br>\u25cf El Alcalde Marco Antonio Rodr\u00edguez resalt\u00f3 la importancia de cuidar y preservar este pulm\u00f3n ecol\u00f3gico inmerso en el coraz\u00f3n del Valle de M\u00e9xico<\/p>\n\n\n\n<p><em>Tlalnepantla de Baz, Estado de M\u00e9xico, a 16 de julio de 2022<\/em>.- El Presidente Municipal, Marco Antonio Rodr\u00edguez Hurtado, encabez\u00f3 la Reforestaci\u00f3n Masiva de la Sierra de Guadalupe 2022, en la que participaron los cuatro municipios del Fideicomiso para la Preservaci\u00f3n y Conservaci\u00f3n de dicho parque estatal, jornada en la que se plantaron seis mil \u00e1rboles de especies nativas en una superficie de ocho hect\u00e1reas de este pulm\u00f3n ecol\u00f3gico del Valle de M\u00e9xico.<\/p>\n\n\n\n<p>El Alcalde detall\u00f3 que en territorio tlalnepantlense el reto fue plantar dos mil 500 \u00e1rboles, de los seis mil que se plantaron en total en los dem\u00e1s municipios, esto, en una superficie de dos hect\u00e1reas y media, acci\u00f3n que sin duda ayudar\u00e1 a mantener con vida esta \u00e1rea verde que est\u00e1 inmersa en una mancha urbana habitada por m\u00e1s de cuatro millones de personas.<\/p>\n\n\n\n<p>\u00abUn \u00e1rbol es una vida y la responsabilidad que hoy obtenemos que sea para bien de nuestro \u00fanico pulm\u00f3n de alrededor de la zona metropolitana m\u00e1s habitada del Valle de M\u00e9xico. Hay muchas cosas que hoy en conciencia debemos atender, por eso esta labor llevenla en su mente porque en poco tiempo va a producir buenos efectos y ayudar\u00e1 a mitigar la gran contaminaci\u00f3n de esta zona\u00bb, afirm\u00f3 Tony Rodr\u00edguez.<\/p>\n\n\n\n<p>Acompa\u00f1ado del Coordinador General de Conservaci\u00f3n Ecol\u00f3gica del Gobierno del Estado de M\u00e9xico, Jorge Pedro Flores Marker; del Presidente Municipal de Coacalco, David S\u00e1nchez Isidoro, as\u00ed como de los representantes de los Alcaldes de Ecatepec y Tultitl\u00e1n, municipios que integran el Fideicomiso Sierra de Guadalupe, Rodr\u00edguez Hurtado a\u00f1adi\u00f3 que compartir esta reserva natural obliga a las autoridades a trabajar de la mano en pro de lo poco que queda del medio ambiente, siempre en unidad y sin distingo de colores.<\/p>\n\n\n\n<p>En su calidad de Presidente del Fideicomiso, Marco Antonio Rodr\u00edguez reiter\u00f3 su disposici\u00f3n para emprender acciones conjuntas que ayuden a salvar y preservar este pulm\u00f3n que produce ox\u00edgeno para los habitantes de la regi\u00f3n y que se ve afectado por incendios forestales muchas veces provocados por el hombre.<\/p>\n\n\n\n<p>Luego de iniciar la reforestaci\u00f3n en Coacalco, el Presidente Municipal encabez\u00f3 dicha jornada en la parte que corresponde a Tlalnepantla, en donde participaron grupos ambientalistas, asociaciones civiles, scouts, promotores ambientales del Polit\u00e9cnico, servidores p\u00fablicos, la Cruz Roja, Copacis y distintas empresas como: Walmart, Femsa, Almacenes Garc\u00eda, Jardines del Recuerdo y Chedraui, por mencionar algunas.<\/p>\n\n\n\n<p>En su intervenci\u00f3n, el Coordinador General de Conservaci\u00f3n Ecol\u00f3gica refiri\u00f3 que con la finalidad de proteger esta reserva natural, el Gobierno del Estado de M\u00e9xico se suma a los esfuerzos de los esfuerzos de cooperacio\u0301n de los municipios que tienen territorio en la Sierra de Guadalupe, para reforestar y mantener en \u00f3ptimas condiciones dicha \u00e1rea verde.<\/p>\n\n\n\n<p>Resalt\u00f3 que en las cinco mil 300 hect\u00e1reas de superficie de este pulm\u00f3n verde habita una gran riqueza de flora y fauna, de ah\u00ed la importancia de salvaguardar la vida del Parque Estatal Sierra de Guadalupe.<\/p>\n\n\n\n<p>En su gira sabatina, el Alcalde de Tlalnepantla tambi\u00e9n encabez\u00f3 la jornada de recuperaci\u00f3n de espacios p\u00fablicos en la Unidad Habitacional IMSS en la que se efectu\u00f3 la poda de 450 \u00e1rboles, de los cuales 435 fue mantenimiento y 15 derribos, adem\u00e1s de que se efectu\u00f3 el cambio, reposici\u00f3n y mantenimiento de 350 luminarias de la zona, seg\u00fan lo que se requer\u00eda.<\/p>\n","protected":false},"excerpt":{"rendered":"<p>&#9679; En territorio tlalnepantlense se plantaron dos mil 500 &aacute;rboles&#9679; El Alcalde Marco Antonio Rodr&iacute;guez&#8230;<\/p>\n","protected":false},"author":1,"featured_media":7734,"comment_status":"closed","ping_status":"closed","sticky":false,"template":"","format":"standard","meta":{"footnotes":""},"categories":[45],"tags":[],"class_list":["post-7733","post","type-post","status-publish","format-standard","has-post-thumbnail","hentry","category-atizapan-de-zaragoza"],"_links":{"self":[{"href":"https:\/\/www.notiflashmexiquense.com.mx\/index.php?rest_route=\/wp\/v2\/posts\/7733","targetHints":{"allow":["GET"]}}],"collection":[{"href":"https:\/\/www.notiflashmexiquense.com.mx\/index.php?rest_route=\/wp\/v2\/posts"}],"about":[{"href":"https:\/\/www.notiflashmexiquense.com.mx\/index.php?rest_route=\/wp\/v2\/types\/post"}],"author":[{"embeddable":true,"href":"https:\/\/www.notiflashmexiquense.com.mx\/index.php?rest_route=\/wp\/v2\/users\/1"}],"replies":[{"embeddable":true,"href":"https:\/\/www.notiflashmexiquense.com.mx\/index.php?rest_route=%2Fwp%2Fv2%2Fcomments&post=7733"}],"version-history":[{"count":1,"href":"https:\/\/www.notiflashmexiquense.com.mx\/index.php?rest_route=\/wp\/v2\/posts\/7733\/revisions"}],"predecessor-version":[{"id":7735,"href":"https:\/\/www.notiflashmexiquense.com.mx\/index.php?rest_route=\/wp\/v2\/posts\/7733\/revisions\/7735"}],"wp:featuredmedia":[{"embeddable":true,"href":"https:\/\/www.notiflashmexiquense.com.mx\/index.php?rest_route=\/wp\/v2\/media\/7734"}],"wp:attachment":[{"href":"https:\/\/www.notiflashmexiquense.com.mx\/index.php?rest_route=%2Fwp%2Fv2%2Fmedia&parent=7733"}],"wp:term":[{"taxonomy":"category","embeddable":true,"href":"https:\/\/www.notiflashmexiquense.com.mx\/index.php?rest_route=%2Fwp%2Fv2%2Fcategories&post=7733"},{"taxonomy":"post_tag","embeddable":true,"href":"https:\/\/www.notiflashmexiquense.com.mx\/index.php?rest_route=%2Fwp%2Fv2%2Ftags&post=7733"}],"curies":[{"name":"wp","href":"https:\/\/api.w.org\/{rel}","templated":true}]}}