{"id":7727,"date":"2022-07-16T04:00:43","date_gmt":"2022-07-16T04:00:43","guid":{"rendered":"https:\/\/www.notiflashmexiquense.com.mx\/?p=7727"},"modified":"2022-07-16T04:00:44","modified_gmt":"2022-07-16T04:00:44","slug":"lamentable-el-estado-en-que-se-encuentra-el-sistema-judicial-del-edomex-ariel-juarez","status":"publish","type":"post","link":"https:\/\/www.notiflashmexiquense.com.mx\/?p=7727","title":{"rendered":"Lamentable el estado en que se encuentra el sistema judicial del Edomex: Ariel Ju\u00e1rez"},"content":{"rendered":"\n<p>Muestra de ello es la libertad por amnist\u00eda de Alejandra Arriaga, a 7 a\u00f1os de estar encarcelada con una sentencia de 45 a\u00f1os, pese a haber actuado en leg\u00edtima defensa<\/p>\n\n\n\n<p>Es injusto que no hay un esquema de reinserci\u00f3n social, tras el largo proceso de libertad por amnist\u00eda y comprobar su leg\u00edtima defensa<\/p>\n\n\n\n<p>Propone diputado de Morena sean incluida comisi\u00f3n legislativa en las mesas de trabajo en el Poder Judicial y darle mayor celeridad a carpetas de investigaci\u00f3n<\/p>\n\n\n\n<p>Reconoce Jos\u00e9 Humbertus P\u00e9rez el trabajo del Grupo Parlamentario de Morena al hacer posible la Ley de Amnist\u00eda<\/p>\n\n\n\n<p>Cuautitl\u00e1n, M\u00e9x., 15 de julio de 2022. El diputado Ariel Ju\u00e1rez Rodr\u00edguez, presidente de la Comisi\u00f3n Especial del Sistema Penitenciario, tras la libertad por amnist\u00eda, de Alejandra Arriaga, esta tarde, a 7 a\u00f1os de estar encarcelada con una sentencia de 45 a\u00f1os, lament\u00f3 el actuar del sistema judicial del Estado de M\u00e9xico y se\u00f1al\u00f3 que es muestra de lo mal que est\u00e1, pues se comprob\u00f3 que esta mujer violentada actu\u00f3 en leg\u00edtima defensa y cuestion\u00f3, as\u00ed como Alejandra \u00bfcu\u00e1ntos casos m\u00e1s tenemos de gente que est\u00e1 encarcelada injustamente en los penales de la entidad?<\/p>\n\n\n\n<p>El tambi\u00e9n integrante de la Comisi\u00f3n Especial de Amnist\u00eda asegur\u00f3, quien fuera encarcelada desde 2015, en el penal de Santiaguito, al ampararse en la amnist\u00eda, ahora que se reintegra a su seno familiar, es injusto, porque no hay un esquema de reinserci\u00f3n social, a lo largo del proceso de libertad por amnist\u00eda y comprobar su leg\u00edtima defensa, no deber\u00eda de tener antecedentes penales, porque ser\u00e1 una traba m\u00e1s para conseguir empleo y de qu\u00e9 va a vivir.<\/p>\n\n\n\n<p>Reiter\u00f3, cu\u00e1ntas personas est\u00e1n encarceladas por los vicios de procedimientos en las carpetas de investigaci\u00f3n, de inicio tiene que ver la propia Fiscal\u00eda General de Justicia del Estado de M\u00e9xico y, en segundo t\u00e9rmino, todo el esquema del proceso que deben llevar los presuntos culpables, dentro de ellos, la forma en que los jueces van aletargando las cosas, 7 a\u00f1os de su vida se la pas\u00f3 encerrada para demostrar que era inocente y que actu\u00f3 en leg\u00edtima defensa ante la violencia intrafamiliar por m\u00e1s de 14 a\u00f1os.<\/p>\n\n\n\n<p>Indic\u00f3, gran parte de esto, tiene que ver con la reforma que se est\u00e1 planteando desde el Poder Judicial, y mi propuesta ante el Magistrado presidente, Ricardo Sodi, que la Defensor\u00eda P\u00fablica deje de ser una instancia del gobierno estatal, y que pase a formar parte de este, porque habr\u00e1 forma de poder llevar con m\u00e1s prontitud estos casos en los que la gente no cuenta con los recursos para pagar un abogado y acude a los abogados de oficio.<\/p>\n\n\n\n<p>Es importante, agreg\u00f3 Ariel Ju\u00e1rez, que se le d\u00e9 m\u00e1s celeridad a la comisi\u00f3n legislativa, para que se puedan apoyar a los presuntos culpables, en funci\u00f3n de las propuestas que se hagan, incluso han planteado que se pueda integrar a la misma en las mesas de trabajo que se llevan en el Poder Judicial, para que desde ah\u00ed se puedan llevar los planteamientos de amnist\u00eda.<\/p>\n\n\n\n<p>Enfatiz\u00f3, que este caso obtenci\u00f3n de la libertad por amnist\u00eda, habla del esquema judicial que tenemos tan mal, sobre todo en la fabricaci\u00f3n de carpetas, o los malos procedimientos en la integraci\u00f3n de la misma. Por ello, propuso que sean incluidos en las mesas de trabajo en el Poder Judicial y darle mayor celeridad.<\/p>\n\n\n\n<p>En su oportunidad el fundador de PIDH, se\u00f1al\u00f3 que el presidente de la Comisi\u00f3n Especial de Amnist\u00eda, Sergio Garc\u00eda ha bloqueado los trabajos de la misma, pero agradeci\u00f3 y reconoci\u00f3 el trabajo del Grupo Parlamentario de Morena, encabezado por el diputado Maurilio Hern\u00e1ndez, quienes hicieron posible la Ley de Amnist\u00eda, que ha comenzado a generar una conciencia de libertades, no va a ser tan f\u00e1cil, pero esperan que salgan los falsos culpables por delitos de alto impacto, ya propusieron las reformas a la Ley de Amnist\u00eda.<\/p>\n\n\n\n<p>De acuerdo a Presunci\u00f3n de Inocencia y Derechos Humanos, la libertad por amnist\u00eda de Alejandra, se logr\u00f3, luego que permaneci\u00f3 desde el 2015 en prisi\u00f3n, al ser una mujer violentada, en situaci\u00f3n de vulnerabilidad y discriminaci\u00f3n, en coordinaci\u00f3n con la Comisi\u00f3n de Derechos Humanos del Estado de M\u00e9xico (CODHEM).<\/p>\n\n\n\n<p>El fundador de PIDH, Jos\u00e9 Humbertus P\u00e9rez Espinoza, indic\u00f3 que se presentaron las bases, argumentaci\u00f3n jur\u00eddica y los fundamentos convencionales para obtener la libertad de Alejandra Arriaga, quien vivi\u00f3 constantes agresiones por la violencia intrafamiliar, quien fuera su esposo, exmilitar retirado, la agred\u00eda por celos, la humillaba, la ofend\u00eda, la golpeaba y violentaba f\u00edsicamente, sexual y psicol\u00f3gicamente. Y a quien esta tarde la recibieron sus familiares al exterior del penal.<\/p>\n","protected":false},"excerpt":{"rendered":"<p>Muestra de ello es la libertad por amnist&iacute;a de Alejandra Arriaga, a 7 a&ntilde;os de&#8230;<\/p>\n","protected":false},"author":1,"featured_media":7728,"comment_status":"closed","ping_status":"closed","sticky":false,"template":"","format":"standard","meta":{"footnotes":""},"categories":[42],"tags":[],"class_list":["post-7727","post","type-post","status-publish","format-standard","has-post-thumbnail","hentry","category-legislatura-mexiquense-nueva-etapa"],"_links":{"self":[{"href":"https:\/\/www.notiflashmexiquense.com.mx\/index.php?rest_route=\/wp\/v2\/posts\/7727","targetHints":{"allow":["GET"]}}],"collection":[{"href":"https:\/\/www.notiflashmexiquense.com.mx\/index.php?rest_route=\/wp\/v2\/posts"}],"about":[{"href":"https:\/\/www.notiflashmexiquense.com.mx\/index.php?rest_route=\/wp\/v2\/types\/post"}],"author":[{"embeddable":true,"href":"https:\/\/www.notiflashmexiquense.com.mx\/index.php?rest_route=\/wp\/v2\/users\/1"}],"replies":[{"embeddable":true,"href":"https:\/\/www.notiflashmexiquense.com.mx\/index.php?rest_route=%2Fwp%2Fv2%2Fcomments&post=7727"}],"version-history":[{"count":1,"href":"https:\/\/www.notiflashmexiquense.com.mx\/index.php?rest_route=\/wp\/v2\/posts\/7727\/revisions"}],"predecessor-version":[{"id":7729,"href":"https:\/\/www.notiflashmexiquense.com.mx\/index.php?rest_route=\/wp\/v2\/posts\/7727\/revisions\/7729"}],"wp:featuredmedia":[{"embeddable":true,"href":"https:\/\/www.notiflashmexiquense.com.mx\/index.php?rest_route=\/wp\/v2\/media\/7728"}],"wp:attachment":[{"href":"https:\/\/www.notiflashmexiquense.com.mx\/index.php?rest_route=%2Fwp%2Fv2%2Fmedia&parent=7727"}],"wp:term":[{"taxonomy":"category","embeddable":true,"href":"https:\/\/www.notiflashmexiquense.com.mx\/index.php?rest_route=%2Fwp%2Fv2%2Fcategories&post=7727"},{"taxonomy":"post_tag","embeddable":true,"href":"https:\/\/www.notiflashmexiquense.com.mx\/index.php?rest_route=%2Fwp%2Fv2%2Ftags&post=7727"}],"curies":[{"name":"wp","href":"https:\/\/api.w.org\/{rel}","templated":true}]}}