{"id":7721,"date":"2022-07-16T01:27:08","date_gmt":"2022-07-16T01:27:08","guid":{"rendered":"https:\/\/www.notiflashmexiquense.com.mx\/?p=7721"},"modified":"2022-07-16T01:27:09","modified_gmt":"2022-07-16T01:27:09","slug":"arranca-megaoperativo-de-seguridad-en-25-comunidades-con-alta-incidencia-delictiva-de-tlalnepantla","status":"publish","type":"post","link":"https:\/\/www.notiflashmexiquense.com.mx\/?p=7721","title":{"rendered":"ARRANCA MEGAOPERATIVO DE SEGURIDAD EN 25 COMUNIDADES CON ALTA INCIDENCIA DELICTIVA DE TLALNEPANTLA"},"content":{"rendered":"\n<p>\u25cf Despliegan gobiernos Federal, Estatal y Municipal tres c\u00e9lulas con 500 elementos para abatir delitos de alto impacto<br>\u25cf Tony Rodr\u00edguez agradece apoyos de la Federaci\u00f3n y del Estado de M\u00e9xico para garantizar la seguridad de los tlalnepantlenses<br>\u25cf Se pidi\u00f3 a los uniformados respetar los Derechos Humanos de la ciudadan\u00eda<\/p>\n\n\n\n<p><em>Tlalnepantla de Baz, Estado de M\u00e9xico, a 15 de julio de 2022.-<\/em> Con una fuerza de 500 elementos del Ej\u00e9rcito, Guardia Nacional, polic\u00edas estatales, municipales y la Fiscal\u00eda de Justicia del Estado de M\u00e9xico, distribuidos en tres c\u00e9lulas, arranc\u00f3 el operativo de seguridad en m\u00e1s de 25 colonias de Tlalnepantla para abatir los delitos de alto impacto que los aquejan.<\/p>\n\n\n\n<p>Desde la explanada del Palacio Municipal, el Alcalde Marco Antonio Rodr\u00edguez Hurtado acompa\u00f1ado de los representantes de los gobiernos Federal y Estatal, encabez\u00f3 el arranque de las unidades que realizar\u00e1n patrullajes permanentes en las zonas identificadas con alto \u00edndice delictivo, en cumplimiento a los acuerdos alcanzados en la Mesa de Construcci\u00f3n por la Paz.<\/p>\n\n\n\n<p>\u201cEstas acciones van siempre encaminadas a algo de lo que m\u00e1s nos preocupa y ocupa que es la seguridad de todos los ciudadanos. Siempre he privilegiado y he reconocido que el trabajo en equipo, de los tres niveles de gobierno que fortalecen estas acciones. S\u00e9 que estos operativos tienen como finalidad hacer presencia, que la gente perciba que estamos trabajando de la mano en pro de su seguridad, de su tranquilidad, augurando que estos operativos tengan \u00e9xito\u201d, se\u00f1al\u00f3 el Presidente Municipal.<\/p>\n\n\n\n<p>La fuerza de tarea estar\u00e1 dividida en tres c\u00e9lulas. La primera operar\u00e1 en las colonias Tlalnepantla Centro, Prensa Nacional, Rosario 1 y 2, San Pablo Xalpa, Los Reyes Ixtacala, Tequexquin\u00e1huac y La Loma.<\/p>\n\n\n\n<p>En tanto que la c\u00e9lula dos atender\u00e1 Valle Ceyl\u00e1n, San Bartolo Tenayuca, El Arenal, El Tenayo, Santa Cecilia, El Puerto y La Joya Ixtacala; mientras que el grupo tres trabajar\u00e1 en la zona oriente, principalmente en las colonias San Juan Ixhuatepec, La Presa, las tres secciones de L\u00e1zaro C\u00e1rdenas, Constituci\u00f3n de 1917, San Isidro, La Laguna, Lomas de San Juan Ixhuatepec y Jorge Jim\u00e9nez Cant\u00fa.<\/p>\n\n\n\n<p>\u201cCon la finalidad de atacar los delitos de alto impacto que est\u00e1n en estas zonas, consideramos que con este despliegue operativo vamos a tener un excelente resultado, y deseando el mayor de los \u00e9xitos, exhort\u00e1ndolos a conducirse con respeto a los derechos humanos de todas las personas\u201d, subray\u00f3 el Comisario General de Seguridad P\u00fablica y Tr\u00e1nsito del municipio, Arturo Centeno<\/p>\n\n\n\n<p>Tony Rodr\u00edguez agradeci\u00f3 el respaldo de los gobiernos Federal representado por Joel Licona, Secretario T\u00e9cnico de la Mesa de Coordinaci\u00f3n para la Construcci\u00f3n de la Paz y la Seguridad; del Estado de M\u00e9xico, el comandante Sergio Rosales, de la Secretar\u00eda de Seguridad Ciudadana; Eduardo Pico, Coordinador de las subdirecciones metropolitanas, y Alberto Hern\u00e1ndez G\u00f3mez, Comandante Regional de la Polic\u00eda de Investigaci\u00f3n de la Fiscal\u00eda Regional de Tlalnepantla.<\/p>\n\n\n\n<p>Al evento tambi\u00e9n acudieron el Teniente de Artiller\u00eda de la Secretar\u00eda de la Defensa Nacional (Sedena), Manuel Ad\u00e1n Robles; el oficial \u00d3scar Tadeo Vera \u00c1ngeles, de la Guardia Nacional; el Ministerio P\u00fablico del fuero com\u00fan, Armando Cruz Reyes; el secretario del Ayuntamiento, Edmundo Ranero, y Jorge Vel\u00e1zquez Fragoso, Jefe de Unidad de la Fiscal\u00eda Regional de Tlalnepantla.<\/p>\n","protected":false},"excerpt":{"rendered":"<p>&#9679; Despliegan gobiernos Federal, Estatal y Municipal tres c&eacute;lulas con 500 elementos para abatir delitos&#8230;<\/p>\n","protected":false},"author":1,"featured_media":7722,"comment_status":"closed","ping_status":"closed","sticky":false,"template":"","format":"standard","meta":{"footnotes":""},"categories":[45],"tags":[],"class_list":["post-7721","post","type-post","status-publish","format-standard","has-post-thumbnail","hentry","category-atizapan-de-zaragoza"],"_links":{"self":[{"href":"https:\/\/www.notiflashmexiquense.com.mx\/index.php?rest_route=\/wp\/v2\/posts\/7721","targetHints":{"allow":["GET"]}}],"collection":[{"href":"https:\/\/www.notiflashmexiquense.com.mx\/index.php?rest_route=\/wp\/v2\/posts"}],"about":[{"href":"https:\/\/www.notiflashmexiquense.com.mx\/index.php?rest_route=\/wp\/v2\/types\/post"}],"author":[{"embeddable":true,"href":"https:\/\/www.notiflashmexiquense.com.mx\/index.php?rest_route=\/wp\/v2\/users\/1"}],"replies":[{"embeddable":true,"href":"https:\/\/www.notiflashmexiquense.com.mx\/index.php?rest_route=%2Fwp%2Fv2%2Fcomments&post=7721"}],"version-history":[{"count":1,"href":"https:\/\/www.notiflashmexiquense.com.mx\/index.php?rest_route=\/wp\/v2\/posts\/7721\/revisions"}],"predecessor-version":[{"id":7723,"href":"https:\/\/www.notiflashmexiquense.com.mx\/index.php?rest_route=\/wp\/v2\/posts\/7721\/revisions\/7723"}],"wp:featuredmedia":[{"embeddable":true,"href":"https:\/\/www.notiflashmexiquense.com.mx\/index.php?rest_route=\/wp\/v2\/media\/7722"}],"wp:attachment":[{"href":"https:\/\/www.notiflashmexiquense.com.mx\/index.php?rest_route=%2Fwp%2Fv2%2Fmedia&parent=7721"}],"wp:term":[{"taxonomy":"category","embeddable":true,"href":"https:\/\/www.notiflashmexiquense.com.mx\/index.php?rest_route=%2Fwp%2Fv2%2Fcategories&post=7721"},{"taxonomy":"post_tag","embeddable":true,"href":"https:\/\/www.notiflashmexiquense.com.mx\/index.php?rest_route=%2Fwp%2Fv2%2Ftags&post=7721"}],"curies":[{"name":"wp","href":"https:\/\/api.w.org\/{rel}","templated":true}]}}