{"id":7718,"date":"2022-07-15T23:20:56","date_gmt":"2022-07-15T23:20:56","guid":{"rendered":"https:\/\/www.notiflashmexiquense.com.mx\/?p=7718"},"modified":"2022-07-15T23:20:57","modified_gmt":"2022-07-15T23:20:57","slug":"tomaremos-las-calles-para-ganar-la-gubernatura-eric-sevilla","status":"publish","type":"post","link":"https:\/\/www.notiflashmexiquense.com.mx\/?p=7718","title":{"rendered":"TOMAREMOS LAS CALLES PARA GANAR LA GUBERNATURA : ERIC SEVILLA"},"content":{"rendered":"\n<ul class=\"wp-block-list\"><li><strong>Existe un gobierno federal que ofende a M\u00e9xico con sus decisiones.<\/strong><\/li><\/ul>\n\n\n\n<p>Ante un Estado fallido que carece de pol\u00edticas p\u00fablicas para atender la seguridad, salud y educaci\u00f3n del pa\u00eds, el priismo mexiquense tomar\u00e1 las calles para convencer con orden y construir el progreso que se requiere a partir de ganar la gubernatura del Estado de M\u00e9xico, dej\u00f3 en claro el presidente del Comit\u00e9 Directivo Estatal (CDE) del PRI, Eric Sevilla.<\/p>\n\n\n\n<p>Durante los \u201cEncuentros para Reconocer la Identidad y el Orgullo de ser Priista\u201d, el dirigente estatal manifest\u00f3 que la patria atraviesa por tiempos dif\u00edciles con un gobierno federal que tiene a M\u00e9xico a un paso del precipicio por las mentiras que se dictan desde las ma\u00f1aneras.<\/p>\n\n\n\n<p>Acompa\u00f1ado por el primer priista de Aculco, Jorge Osornio Victoria, Sevilla Montes de Oca se\u00f1al\u00f3 que el proceso electoral del 2023 no solo define la renovaci\u00f3n de la gubernatura, \u201ctambi\u00e9n el futuro de nuestra naci\u00f3n, un pa\u00eds con proyecto que merecen nuestros hijos\u201d.<\/p>\n\n\n\n<p>\u201cEstamos ante un gobierno federal que miente todos los d\u00edas, todas las ma\u00f1anas, un gobierno que acab\u00f3 con todo lo que hemos construido durante mucho tiempo, particularmente los priistas que tienen una historia de m\u00e1s de 93 a\u00f1os haciendo patria\u201d, puntualiz\u00f3 el l\u00edder partidista.<\/p>\n\n\n\n<p>\u201cEsta naci\u00f3n pasa por mucho sufrimiento ante la inseguridad rampante que se vive, tenemos un pa\u00eds que no crece ni tiene inversiones; de ese tama\u00f1o son las condiciones en nuestro M\u00e9xico, donde no hay pol\u00edtica social ni medicinas en los hospitales\u201d, agreg\u00f3.<\/p>\n\n\n\n<p>Este es el tama\u00f1o de la ignominia y la crueldad del gobierno federal \u201ccomo el hecho de que los ni\u00f1os con c\u00e1ncer no puedan recibir sus tratamientos o que carezcan de escuelas de tiempo completo\u201d.<\/p>\n\n\n\n<p>Por su parte, el alcalde Jorge Osornio sostuvo que la militancia priista est\u00e1 preparada para ganar y para el pr\u00f3ximo a\u00f1o no ser\u00e1 la excepci\u00f3n.&nbsp; \u201cEl PRI sigue siendo el mejor y Aculco seguir\u00e1 siendo priista, estamos listos para lo que viene, a trabajar y dar resultados\u201d.<\/p>\n\n\n\n<p>Al acto asistieron la secretaria general, Monserrath Sobreyra, y los secretarios de Organizaci\u00f3n, Pablo Bedolla, y de Operaci\u00f3n Pol\u00edtica, Alejandro Fern\u00e1ndez.<\/p>\n","protected":false},"excerpt":{"rendered":"<p>Existe un gobierno federal que ofende a M&eacute;xico con sus decisiones. Ante un Estado fallido&#8230;<\/p>\n","protected":false},"author":1,"featured_media":7719,"comment_status":"closed","ping_status":"closed","sticky":false,"template":"","format":"standard","meta":{"footnotes":""},"categories":[65],"tags":[],"class_list":["post-7718","post","type-post","status-publish","format-standard","has-post-thumbnail","hentry","category-pri-estado-de-mexico"],"_links":{"self":[{"href":"https:\/\/www.notiflashmexiquense.com.mx\/index.php?rest_route=\/wp\/v2\/posts\/7718","targetHints":{"allow":["GET"]}}],"collection":[{"href":"https:\/\/www.notiflashmexiquense.com.mx\/index.php?rest_route=\/wp\/v2\/posts"}],"about":[{"href":"https:\/\/www.notiflashmexiquense.com.mx\/index.php?rest_route=\/wp\/v2\/types\/post"}],"author":[{"embeddable":true,"href":"https:\/\/www.notiflashmexiquense.com.mx\/index.php?rest_route=\/wp\/v2\/users\/1"}],"replies":[{"embeddable":true,"href":"https:\/\/www.notiflashmexiquense.com.mx\/index.php?rest_route=%2Fwp%2Fv2%2Fcomments&post=7718"}],"version-history":[{"count":1,"href":"https:\/\/www.notiflashmexiquense.com.mx\/index.php?rest_route=\/wp\/v2\/posts\/7718\/revisions"}],"predecessor-version":[{"id":7720,"href":"https:\/\/www.notiflashmexiquense.com.mx\/index.php?rest_route=\/wp\/v2\/posts\/7718\/revisions\/7720"}],"wp:featuredmedia":[{"embeddable":true,"href":"https:\/\/www.notiflashmexiquense.com.mx\/index.php?rest_route=\/wp\/v2\/media\/7719"}],"wp:attachment":[{"href":"https:\/\/www.notiflashmexiquense.com.mx\/index.php?rest_route=%2Fwp%2Fv2%2Fmedia&parent=7718"}],"wp:term":[{"taxonomy":"category","embeddable":true,"href":"https:\/\/www.notiflashmexiquense.com.mx\/index.php?rest_route=%2Fwp%2Fv2%2Fcategories&post=7718"},{"taxonomy":"post_tag","embeddable":true,"href":"https:\/\/www.notiflashmexiquense.com.mx\/index.php?rest_route=%2Fwp%2Fv2%2Ftags&post=7718"}],"curies":[{"name":"wp","href":"https:\/\/api.w.org\/{rel}","templated":true}]}}