{"id":7715,"date":"2022-07-15T22:34:15","date_gmt":"2022-07-15T22:34:15","guid":{"rendered":"https:\/\/www.notiflashmexiquense.com.mx\/?p=7715"},"modified":"2022-07-15T22:34:16","modified_gmt":"2022-07-15T22:34:16","slug":"cabildo-de-tlalnepantla-avanza-contra-abuso-sexual-en-escuelas-enviara-iniciativa-al-congreso-del-edomex","status":"publish","type":"post","link":"https:\/\/www.notiflashmexiquense.com.mx\/?p=7715","title":{"rendered":"CABILDO DE TLALNEPANTLA AVANZA CONTRA ABUSO SEXUAL EN ESCUELAS; ENVIAR\u00c1 INICIATIVA AL CONGRESO DEL EDOM\u00c9X"},"content":{"rendered":"\n<p>\u25cf Gobierno municipal preocupado de velar por los intereses de ni\u00f1as, ni\u00f1os y adolescentes: Tony Rodr\u00edguez<br>\u25cf Se\u00f1ala que no se pueden repetir m\u00e1s casos de abusos en los colegios p\u00fablicos y privados del municipio<\/p>\n\n\n\n<p><em>Tlalnepantla de Baz, Estado de M\u00e9xico, a 15 de julio de 2022.-<\/em> En un hecho in\u00e9dito, el Cabildo de Tlalnepantla aprob\u00f3 enviar a la LXI Legislatura mexiquense, la iniciativa para reformar la Ley de Educaci\u00f3n del Estado de M\u00e9xico, con el fin de endurecer los requisitos a profesores, personal administrativo y conserjes de las escuelas p\u00fablicas y privadas del municipio y la entidad para as\u00ed evitar m\u00e1s hechos lamentables de abuso sexual, acoso escolar y maltrato infantil.<\/p>\n\n\n\n<p>Por unanimidad, los integrantes del Ayuntamiento encabezados por el Presidente Municipal, Marco Antonio Rodr\u00edguez, avalaron las modificaciones de la citada ley para aplicar nuevos protocolos en los colegios como solicitar a los docentes la presentaci\u00f3n de ex\u00e1menes de personalidad, psicom\u00e9tricos, psicol\u00f3gicos, certificado de antecedentes no penales y de no deudor de pensi\u00f3n alimenticia.<\/p>\n\n\n\n<p>El Alcalde argument\u00f3: \u201cSe propone el proyecto de acuerdo para enviar a la LXI Legislatura del Estado de M\u00e9xico, una propuesta de iniciativa de reforma de los apartados Tercero, denominado del Ingreso al Servicio Profesional Docente, y Quinto, denominado de la Permanencia en el Servicio, respectivamente, de la Ley de Educaci\u00f3n del Estado de M\u00e9xico.<\/p>\n\n\n\n<p>\u201cCon el prop\u00f3sito de que se aplique una evaluaci\u00f3n a los docentes como requisitos indispensables para la contrataci\u00f3n, ingreso y permanencia en su labor, as\u00ed como la aplicaci\u00f3n de ex\u00e1menes preventivos de personalidad, psicom\u00e9tricos y evaluaciones psicol\u00f3gicas; la presentaci\u00f3n de certificado e informe de antecedentes no penales y la constancia de no deudor de pensi\u00f3n alimenticia\u201d, explic\u00f3.<\/p>\n\n\n\n<p>Durante la XIX sesi\u00f3n ordinaria de Cabildo, Tony Rodr\u00edguez se\u00f1al\u00f3 que la iniciativa responde a la preocupaci\u00f3n de su gobierno de velar por los intereses superiores de ni\u00f1as, ni\u00f1os y adolescentes, tras los hechos lamentables suscitados en escuelas del municipio de abuso sexual en contra de menores de edad.<\/p>\n\n\n\n<p>\u201cSe toma la decisi\u00f3n de que se considere la aplicaci\u00f3n de un protocolo para la prevenci\u00f3n, detecci\u00f3n y actuaci\u00f3n en caso de abuso sexual infantil, acoso escolar y maltrato en las escuelas de educaci\u00f3n b\u00e1sica de los subsistemas tanto federal como estatal, las cuales se encuentran relacionadas a las acciones de prevenci\u00f3n y detenci\u00f3n de dichos actos\u201d, subray\u00f3 el Mun\u00edcipe.<\/p>\n\n\n\n<p>M\u00e1s adelante, Rodr\u00edguez Hurtado inform\u00f3 que el jueves se recibi\u00f3 una denuncia ciudadana an\u00f3nima, en la cual se solicit\u00f3 una investigaci\u00f3n por el presunto caso de acoso sexual en una secundaria. Por ello, a\u00f1adi\u00f3, se levant\u00f3 el acta correspondiente para dar seguimiento a este asunto.<\/p>\n\n\n\n<p>Cabe recordar que en el municipio hay 363 escuelas p\u00fablicas con 109 mil 508 alumnos, y 287 de car\u00e1cter privado que albergan a 33 mil 101 estudiantes.<\/p>\n\n\n\n<p>En la sesi\u00f3n, los miembros del Ayuntamiento aprobaron tambi\u00e9n declarar como recinto oficial el Sal\u00f3n del Pueblo para llevar a cabo la sesi\u00f3n juvenil de Cabildo, en el marco del D\u00eda Internacional de la Juventud, que se celebra el 12 de agosto.<\/p>\n\n\n\n<p>En Tlalnepantla hay 170 mil j\u00f3venes de entre 12 y 21 a\u00f1os, lo que representa la tercera parte de habitantes de todo el municipio.<\/p>\n","protected":false},"excerpt":{"rendered":"<p>&#9679; Gobierno municipal preocupado de velar por los intereses de ni&ntilde;as, ni&ntilde;os y adolescentes: Tony&#8230;<\/p>\n","protected":false},"author":1,"featured_media":7716,"comment_status":"closed","ping_status":"closed","sticky":false,"template":"","format":"standard","meta":{"footnotes":""},"categories":[45],"tags":[],"class_list":["post-7715","post","type-post","status-publish","format-standard","has-post-thumbnail","hentry","category-atizapan-de-zaragoza"],"_links":{"self":[{"href":"https:\/\/www.notiflashmexiquense.com.mx\/index.php?rest_route=\/wp\/v2\/posts\/7715","targetHints":{"allow":["GET"]}}],"collection":[{"href":"https:\/\/www.notiflashmexiquense.com.mx\/index.php?rest_route=\/wp\/v2\/posts"}],"about":[{"href":"https:\/\/www.notiflashmexiquense.com.mx\/index.php?rest_route=\/wp\/v2\/types\/post"}],"author":[{"embeddable":true,"href":"https:\/\/www.notiflashmexiquense.com.mx\/index.php?rest_route=\/wp\/v2\/users\/1"}],"replies":[{"embeddable":true,"href":"https:\/\/www.notiflashmexiquense.com.mx\/index.php?rest_route=%2Fwp%2Fv2%2Fcomments&post=7715"}],"version-history":[{"count":1,"href":"https:\/\/www.notiflashmexiquense.com.mx\/index.php?rest_route=\/wp\/v2\/posts\/7715\/revisions"}],"predecessor-version":[{"id":7717,"href":"https:\/\/www.notiflashmexiquense.com.mx\/index.php?rest_route=\/wp\/v2\/posts\/7715\/revisions\/7717"}],"wp:featuredmedia":[{"embeddable":true,"href":"https:\/\/www.notiflashmexiquense.com.mx\/index.php?rest_route=\/wp\/v2\/media\/7716"}],"wp:attachment":[{"href":"https:\/\/www.notiflashmexiquense.com.mx\/index.php?rest_route=%2Fwp%2Fv2%2Fmedia&parent=7715"}],"wp:term":[{"taxonomy":"category","embeddable":true,"href":"https:\/\/www.notiflashmexiquense.com.mx\/index.php?rest_route=%2Fwp%2Fv2%2Fcategories&post=7715"},{"taxonomy":"post_tag","embeddable":true,"href":"https:\/\/www.notiflashmexiquense.com.mx\/index.php?rest_route=%2Fwp%2Fv2%2Ftags&post=7715"}],"curies":[{"name":"wp","href":"https:\/\/api.w.org\/{rel}","templated":true}]}}