{"id":7712,"date":"2022-07-15T21:31:12","date_gmt":"2022-07-15T21:31:12","guid":{"rendered":"https:\/\/www.notiflashmexiquense.com.mx\/?p=7712"},"modified":"2022-07-15T21:31:13","modified_gmt":"2022-07-15T21:31:13","slug":"estrena-dif-naucalpan-sala-senso-emocional","status":"publish","type":"post","link":"https:\/\/www.notiflashmexiquense.com.mx\/?p=7712","title":{"rendered":"ESTRENA DIF NAUCALPAN SALA SENSO-EMOCIONAL"},"content":{"rendered":"\n<p>* Fomentar\u00e1 el desarrollo integral de ni\u00f1as y ni\u00f1os de seis meses a tres a\u00f1os.<\/p>\n\n\n\n<p>El gobierno de Naucalpan puso en marcha la Sala de Desarrollo Senso-Emocional en la Estancia Infantil Atenco del DIF municipal, ubicada en la colonia El Conde, cuyo objetivo es fomentar el desarrollo integral en ni\u00f1as y ni\u00f1os de seis meses a tres a\u00f1os, a trav\u00e9s de espacios simulados, como una cocina, una galer\u00eda de arte y una granja.<\/p>\n\n\n\n<p>Cynthia Elizondo Basurto, directora general del Sistema Municipal para el Desarrollo Integral (DIF) de Naucalpan, asegur\u00f3 que se trata de impulsar el desarrollo de ni\u00f1as y ni\u00f1os en la primera infancia con este espacio sensorial, el segundo en su tipo del Estado de M\u00e9xico, pues en la capital mexiquense, Toluca, existe otro.<\/p>\n\n\n\n<p>Indic\u00f3 que la Sala de Desarrollo Senso-Emocional tiene capacidad para 35 ni\u00f1as y ni\u00f1os, cuenta con dos aulas donde los peque\u00f1os desarrollar\u00e1n habilidades mediante actividades l\u00fadicas; su instalaci\u00f3n fue posible gracias a la colaboraci\u00f3n interinstitucional del Sistema Nacional DIF (SNDIF), la Agencia de Cooperaci\u00f3n y Coordinaci\u00f3n de Turqu\u00eda (TIKA) y el DIF de Naucalpan.<\/p>\n\n\n\n<p>Elizondo Basurto afirm\u00f3 que para la alcaldesa Ang\u00e9lica Moya Mar\u00edn es fundamental la atenci\u00f3n, cuidado y educaci\u00f3n en los primeros a\u00f1os de vida, ya que de eso depende un desarrollo integral de los menores.<\/p>\n\n\n\n<p>\u201cDesde el DIF Naucalpan nuestro objetivo es brindar una educaci\u00f3n inicial de calidad incluyente, equitativa y solidaria, que permita que todos los ni\u00f1os y ni\u00f1as, independientemente del contexto en el que vivan, encuentren espacios educativos enriquecidos a partir del acompa\u00f1amiento afectuoso e inteligente de los adultos con quienes comparten su d\u00eda a d\u00eda\u201d, explic\u00f3.<\/p>\n\n\n\n<p>En el evento de inauguraci\u00f3n estuvieron presentes Beatriz Adriana Eyssautier Linares, subdirectora de Estancias del SNDIF; Araceli P\u00e9rez Arellano, responsable de los Centros de Atenci\u00f3n Infantil en el Estado de M\u00e9xico; Estela Nieto, jefa del Departamento de Estancias Infantiles del SNDIF, y Tania Torres, subdirectora de Asistencia a la Ni\u00f1ez del DIF Naucalpan.<\/p>\n\n\n\n<p>En la sala se realizar\u00e1n actividades l\u00fadicas para desarrollar habilidades de pensamiento e interacci\u00f3n directa con los objetos y el mundo que les rodea; de razonamiento y atenci\u00f3n; de lenguaje, pues se desarrolla una mejor comunicaci\u00f3n, tanto oral como gestual, a nivel comprensivo y expresivo, adem\u00e1s de motrices, ya que se promueven juegos creativos centrados en la destreza.<\/p>\n\n\n\n<p>Adem\u00e1s, estimulan la capacidad de resoluci\u00f3n de problemas, al enfrentarse a situaciones de la vida diaria; las habilidades sociales, como la colaboraci\u00f3n, creatividad, empat\u00eda, comunicaci\u00f3n y trabajo en equipo, y de pensamiento matem\u00e1tico, desarrollo emocional y cognitivo.<\/p>\n","protected":false},"excerpt":{"rendered":"<p>* Fomentar&aacute; el desarrollo integral de ni&ntilde;as y ni&ntilde;os de seis meses a tres a&ntilde;os&#8230;.<\/p>\n","protected":false},"author":1,"featured_media":7713,"comment_status":"closed","ping_status":"closed","sticky":false,"template":"","format":"standard","meta":{"footnotes":""},"categories":[45],"tags":[],"class_list":["post-7712","post","type-post","status-publish","format-standard","has-post-thumbnail","hentry","category-atizapan-de-zaragoza"],"_links":{"self":[{"href":"https:\/\/www.notiflashmexiquense.com.mx\/index.php?rest_route=\/wp\/v2\/posts\/7712","targetHints":{"allow":["GET"]}}],"collection":[{"href":"https:\/\/www.notiflashmexiquense.com.mx\/index.php?rest_route=\/wp\/v2\/posts"}],"about":[{"href":"https:\/\/www.notiflashmexiquense.com.mx\/index.php?rest_route=\/wp\/v2\/types\/post"}],"author":[{"embeddable":true,"href":"https:\/\/www.notiflashmexiquense.com.mx\/index.php?rest_route=\/wp\/v2\/users\/1"}],"replies":[{"embeddable":true,"href":"https:\/\/www.notiflashmexiquense.com.mx\/index.php?rest_route=%2Fwp%2Fv2%2Fcomments&post=7712"}],"version-history":[{"count":1,"href":"https:\/\/www.notiflashmexiquense.com.mx\/index.php?rest_route=\/wp\/v2\/posts\/7712\/revisions"}],"predecessor-version":[{"id":7714,"href":"https:\/\/www.notiflashmexiquense.com.mx\/index.php?rest_route=\/wp\/v2\/posts\/7712\/revisions\/7714"}],"wp:featuredmedia":[{"embeddable":true,"href":"https:\/\/www.notiflashmexiquense.com.mx\/index.php?rest_route=\/wp\/v2\/media\/7713"}],"wp:attachment":[{"href":"https:\/\/www.notiflashmexiquense.com.mx\/index.php?rest_route=%2Fwp%2Fv2%2Fmedia&parent=7712"}],"wp:term":[{"taxonomy":"category","embeddable":true,"href":"https:\/\/www.notiflashmexiquense.com.mx\/index.php?rest_route=%2Fwp%2Fv2%2Fcategories&post=7712"},{"taxonomy":"post_tag","embeddable":true,"href":"https:\/\/www.notiflashmexiquense.com.mx\/index.php?rest_route=%2Fwp%2Fv2%2Ftags&post=7712"}],"curies":[{"name":"wp","href":"https:\/\/api.w.org\/{rel}","templated":true}]}}