{"id":7708,"date":"2022-07-15T21:06:50","date_gmt":"2022-07-15T21:06:50","guid":{"rendered":"https:\/\/www.notiflashmexiquense.com.mx\/?p=7708"},"modified":"2022-07-15T21:06:52","modified_gmt":"2022-07-15T21:06:52","slug":"inicia-construccion-de-deprimido-chiluca-en-atizapan-de-zaragoza-la-obra-evitara-trafico-y-accidentes-en-la-zona-esmeralda","status":"publish","type":"post","link":"https:\/\/www.notiflashmexiquense.com.mx\/?p=7708","title":{"rendered":"INICIA CONSTRUCCI\u00d3N DE DEPRIMIDO CHILUCA, EN ATIZAP\u00c1N DE ZARAGOZA; LA OBRA EVITAR\u00c1 TR\u00c1FICO Y ACCIDENTES EN LA ZONA ESMERALDA"},"content":{"rendered":"\n<p>El Presidente Municipal, Pedro Rodr\u00edguez Villegas, en compa\u00f1\u00eda de los miembros del Cabildo, directores e integrantes de asociaciones de colonos y vecinos, dio el banderazo de salida de la construcci\u00f3n del denominado Deprimido Chiluca, obra insignia del Municipio que tiene como objetivo principal resolver el problema vial de uno de los principales cruces de Zona Esmeralda y reducir el n\u00famero de accidentes, ya que se controlar\u00e1 la velocidad de los autos en esa vialidad.<\/p>\n\n\n\n<p>De acuerdo con autoridades municipales, la obra -que durar\u00e1 180 d\u00edas-, beneficiar\u00e1 a 250 mil habitantes.<\/p>\n\n\n\n<p>\u201cEst\u00e1 pensada a futuro. Hoy en d\u00eda sabemos que viven aqu\u00ed miles de familias. Simplemente en Sayavedra son m\u00e1s de dos mil familias las que est\u00e1n viviendo ah\u00ed y hay que sumar todos los dem\u00e1s fraccionamientos. Algunos, inclusive, somos vecinos colindantes, como de La Estad\u00eda o las Puertas, vamos hacia la zona de Sayavedra y obviamente tenemos que utilizar esta vialidad y yo creo que eso va a beneficiar a miles de familias\u201d, explic\u00f3 el Alcalde.<\/p>\n\n\n\n<p>\u201cEs una obra magna que va a durar alrededor de seis meses, pero estoy seguro de que esas situaciones, esa afectaci\u00f3n vial que se est\u00e1 generando en estos momentos, a futuro va a ser muy beneficiosa para toda la poblaci\u00f3n.<\/p>\n\n\n\n<p>Este paso a desnivel, ubicado en la Avenida Dr. Jorge Jim\u00e9nez Cant\u00fa, en el Fraccionamiento Chiluca, tendr\u00e1 un desarrollo de 429 metros lineales, de los cuales 81 ser\u00e1n cubiertos con dos carriles de circulaci\u00f3n por sentido, en un \u00e1rea total de construcci\u00f3n de 6 mil 654 metros cuadrados.<\/p>\n\n\n\n<p>Los trabajos a realizarse en este paso a desnivel incluyen trazo y nivelaci\u00f3n, excavaci\u00f3n y compactaci\u00f3n del terreno natural, montaje de muros de contenci\u00f3n y trabes prefabricadas, pavimento de concreto asf\u00e1ltico, se\u00f1alizaci\u00f3n vertical y balizamiento, colocaci\u00f3n de luminarias, obras inducidas, construcci\u00f3n de glorieta principal que consta de un espejo de agua, fuente y una escultura central de m\u00e1s de tres metros de altura.<\/p>\n\n\n\n<p>\u201cLo importante es dejar huella en nuestro paso por esta Administraci\u00f3n y estoy seguro de que esta obra va a trascender. Agradezco mucho a los vecinos de esta zona y a la poblaci\u00f3n que nos dieron el voto de confianza a los miembros del Cabildo, que sepan que estamos trabajando por y para ustedes. ya vimos c\u00f3mo se est\u00e1 desarrollando hoy en d\u00eda para provocar menos tr\u00e1fico\u201d, asegur\u00f3 el Edil.<\/p>\n\n\n\n<p>Para esta obra se prev\u00e9 un monto de 200 millones de pesos de inversi\u00f3n municipal.<\/p>\n","protected":false},"excerpt":{"rendered":"<p>El Presidente Municipal, Pedro Rodr&iacute;guez Villegas, en compa&ntilde;&iacute;a de los miembros del Cabildo, directores e&#8230;<\/p>\n","protected":false},"author":1,"featured_media":7709,"comment_status":"closed","ping_status":"closed","sticky":false,"template":"","format":"standard","meta":{"footnotes":""},"categories":[45],"tags":[],"class_list":["post-7708","post","type-post","status-publish","format-standard","has-post-thumbnail","hentry","category-atizapan-de-zaragoza"],"_links":{"self":[{"href":"https:\/\/www.notiflashmexiquense.com.mx\/index.php?rest_route=\/wp\/v2\/posts\/7708","targetHints":{"allow":["GET"]}}],"collection":[{"href":"https:\/\/www.notiflashmexiquense.com.mx\/index.php?rest_route=\/wp\/v2\/posts"}],"about":[{"href":"https:\/\/www.notiflashmexiquense.com.mx\/index.php?rest_route=\/wp\/v2\/types\/post"}],"author":[{"embeddable":true,"href":"https:\/\/www.notiflashmexiquense.com.mx\/index.php?rest_route=\/wp\/v2\/users\/1"}],"replies":[{"embeddable":true,"href":"https:\/\/www.notiflashmexiquense.com.mx\/index.php?rest_route=%2Fwp%2Fv2%2Fcomments&post=7708"}],"version-history":[{"count":1,"href":"https:\/\/www.notiflashmexiquense.com.mx\/index.php?rest_route=\/wp\/v2\/posts\/7708\/revisions"}],"predecessor-version":[{"id":7710,"href":"https:\/\/www.notiflashmexiquense.com.mx\/index.php?rest_route=\/wp\/v2\/posts\/7708\/revisions\/7710"}],"wp:featuredmedia":[{"embeddable":true,"href":"https:\/\/www.notiflashmexiquense.com.mx\/index.php?rest_route=\/wp\/v2\/media\/7709"}],"wp:attachment":[{"href":"https:\/\/www.notiflashmexiquense.com.mx\/index.php?rest_route=%2Fwp%2Fv2%2Fmedia&parent=7708"}],"wp:term":[{"taxonomy":"category","embeddable":true,"href":"https:\/\/www.notiflashmexiquense.com.mx\/index.php?rest_route=%2Fwp%2Fv2%2Fcategories&post=7708"},{"taxonomy":"post_tag","embeddable":true,"href":"https:\/\/www.notiflashmexiquense.com.mx\/index.php?rest_route=%2Fwp%2Fv2%2Ftags&post=7708"}],"curies":[{"name":"wp","href":"https:\/\/api.w.org\/{rel}","templated":true}]}}