{"id":7702,"date":"2022-07-15T19:01:31","date_gmt":"2022-07-15T19:01:31","guid":{"rendered":"https:\/\/www.notiflashmexiquense.com.mx\/?p=7702"},"modified":"2022-07-15T19:01:32","modified_gmt":"2022-07-15T19:01:32","slug":"las-expresiones-de-apoyo-a-higinio-martinez-son-ejercicio-democratico-faustino-de-la-cruz","status":"publish","type":"post","link":"https:\/\/www.notiflashmexiquense.com.mx\/?p=7702","title":{"rendered":"Las expresiones de apoyo a Higinio Mart\u00ednez, son ejercicio democr\u00e1tico: Faustino de la Cruz"},"content":{"rendered":"\n<p>*Que versiones period\u00edsticas de rebeli\u00f3n, por apoyo al senador no confundan a la opini\u00f3n p\u00fablica<\/p>\n\n\n\n<p>*Independientemente de quien resulte ganador en la contienda interna los morenistas trabajar\u00e1n en unidad<\/p>\n\n\n\n<p>Ecatepec, M\u00e9x., a 15 de julio de 2022. El diputado local Faustino de la Cruz P\u00e9rez rechaz\u00f3 que exista divisi\u00f3n y una supuesta \u201crebeli\u00f3n\u201d contra la dirigencia nacional de Morena, como lo informan versiones period\u00edsticas, que solo confunden a la opini\u00f3n p\u00fablica; por el contrario, las manifestaciones de apoyo al senador Higinio Mart\u00ednez, son parte de un ejercicio democr\u00e1tico como ciudadanos y militantes del partido.<\/p>\n\n\n\n<p>\u201cEstas versiones surgieron, luego de hacer p\u00fablico nuestro apoyo al senador, por parte de l\u00edderes regionales morenistas del Estado de M\u00e9xico, como cualquier expresi\u00f3n m\u00e1s al interior del partido manifestamos nuestro apoyo, as\u00ed como lo han hecho con otros aspirantes.<\/p>\n\n\n\n<p>\u201cYa somos adultos y somos conscientes del trabajo y su capacidad para gobernar; pero nuestro respaldo, no significa una rebeli\u00f3n contra la dirigencia nacional\u201d, enfatiz\u00f3 el legislador.<\/p>\n\n\n\n<p>Faustino de la Cruz consider\u00f3 que las versiones peri\u00f3dicas interpretan y magnifican las manifestaciones p\u00fablicas de apoyo al senador, a quien consideran como el hombre capaz de dirigir el destino de la entidad mexiquense, y confunden a la opini\u00f3n p\u00fablica, justo en el \u00faltimo tramo de la contienda interna para elegir candidato para renovar la gubernatura, aunque previamente se pronunciaron por buscar el consenso y medir las capacidades de cada uno de los aspirantes.<\/p>\n\n\n\n<p>En este contexto, el diputado puntualiz\u00f3 que no comparte las versiones que insisten en afirmar \u201cque existe una supuesta rebeld\u00eda entre morenistas\u201d que apoyan la candidatura de Higinio Mart\u00ednez, pues est\u00e1n convencidos que el senador es la mejor propuesta para dirigir la transformaci\u00f3n en el Estado de M\u00e9xico rumbo a los comicios del 2023, y parece que estas expresiones de apoyo, pero algunos personajes las tratan de aprovechar para confundir a la opini\u00f3n p\u00fablica.<\/p>\n\n\n\n<p>No obstante, mencion\u00f3 que independientemente de quien resulte ganador de la contienda interna del partido, los morenistas mexiquenses est\u00e1n dispuestos a trabajar en unidad con la responsabilidad de servir al estado y desde luego al proyecto de Morena.<\/p>\n\n\n\n<p>\u201cQue nadie se extra\u00f1e de las muestras de apoyo p\u00fablico al senador, que forma parte de un ejercicio democr\u00e1tico y lamento que sean presentadas a la opini\u00f3n p\u00fablica como se\u00f1ales de una supuesta rebeli\u00f3n\u201d, enfatiz\u00f3 el legislador.<\/p>\n","protected":false},"excerpt":{"rendered":"<p>*Que versiones period&iacute;sticas de rebeli&oacute;n, por apoyo al senador no confundan a la opini&oacute;n p&uacute;blica&#8230;<\/p>\n","protected":false},"author":1,"featured_media":7703,"comment_status":"closed","ping_status":"closed","sticky":false,"template":"","format":"standard","meta":{"footnotes":""},"categories":[42],"tags":[],"class_list":["post-7702","post","type-post","status-publish","format-standard","has-post-thumbnail","hentry","category-legislatura-mexiquense-nueva-etapa"],"_links":{"self":[{"href":"https:\/\/www.notiflashmexiquense.com.mx\/index.php?rest_route=\/wp\/v2\/posts\/7702","targetHints":{"allow":["GET"]}}],"collection":[{"href":"https:\/\/www.notiflashmexiquense.com.mx\/index.php?rest_route=\/wp\/v2\/posts"}],"about":[{"href":"https:\/\/www.notiflashmexiquense.com.mx\/index.php?rest_route=\/wp\/v2\/types\/post"}],"author":[{"embeddable":true,"href":"https:\/\/www.notiflashmexiquense.com.mx\/index.php?rest_route=\/wp\/v2\/users\/1"}],"replies":[{"embeddable":true,"href":"https:\/\/www.notiflashmexiquense.com.mx\/index.php?rest_route=%2Fwp%2Fv2%2Fcomments&post=7702"}],"version-history":[{"count":1,"href":"https:\/\/www.notiflashmexiquense.com.mx\/index.php?rest_route=\/wp\/v2\/posts\/7702\/revisions"}],"predecessor-version":[{"id":7704,"href":"https:\/\/www.notiflashmexiquense.com.mx\/index.php?rest_route=\/wp\/v2\/posts\/7702\/revisions\/7704"}],"wp:featuredmedia":[{"embeddable":true,"href":"https:\/\/www.notiflashmexiquense.com.mx\/index.php?rest_route=\/wp\/v2\/media\/7703"}],"wp:attachment":[{"href":"https:\/\/www.notiflashmexiquense.com.mx\/index.php?rest_route=%2Fwp%2Fv2%2Fmedia&parent=7702"}],"wp:term":[{"taxonomy":"category","embeddable":true,"href":"https:\/\/www.notiflashmexiquense.com.mx\/index.php?rest_route=%2Fwp%2Fv2%2Fcategories&post=7702"},{"taxonomy":"post_tag","embeddable":true,"href":"https:\/\/www.notiflashmexiquense.com.mx\/index.php?rest_route=%2Fwp%2Fv2%2Ftags&post=7702"}],"curies":[{"name":"wp","href":"https:\/\/api.w.org\/{rel}","templated":true}]}}