{"id":7699,"date":"2022-07-15T03:08:40","date_gmt":"2022-07-15T03:08:40","guid":{"rendered":"https:\/\/www.notiflashmexiquense.com.mx\/?p=7699"},"modified":"2022-07-15T03:08:41","modified_gmt":"2022-07-15T03:08:41","slug":"llego-la-hora-de-la-verdad-para-decidir-la-ruta-de-mexico-eric-sevilla","status":"publish","type":"post","link":"https:\/\/www.notiflashmexiquense.com.mx\/?p=7699","title":{"rendered":"LLEG\u00d3 LA HORA DE LA VERDAD PARA DECIDIR LA RUTA DE M\u00c9XICO:\u00a0ERIC SEVILLA"},"content":{"rendered":"\n<p>\u00b7&nbsp;&nbsp;&nbsp;&nbsp;&nbsp;&nbsp;<strong>El pr\u00f3ximo a\u00f1o se demostrar\u00e1 el tama\u00f1o del priismo mexiquense para cantarle las golondrinas a aquellos que le mintieron al pa\u00eds.<\/strong><\/p>\n\n\n\n<p>Lleg\u00f3 la hora de la verdad y del trabajo en equipo para detener a quienes le mintieron al pa\u00eds, es el momento de decidir la ruta de M\u00e9xico con la elecci\u00f3n de gobernador en junio pr\u00f3ximo, afirm\u00f3 el Presidente del Comit\u00e9 Directivo Estatal (CDE) del PRI, Eric Sevilla.<\/p>\n\n\n\n<p>\u201cCon ello ya les vamos cantando las golondrinas porque aqu\u00ed los vamos a parar\u201d, manifest\u00f3 el dirigente estatal priista a su militancia de Nezahualc\u00f3yotl, luego de dejar en claro que en el 2023 le meter\u00e1n freno al carro de las ocurrencias y los enga\u00f1os del gobierno federal.<\/p>\n\n\n\n<p>En la cuna del priismo mexiquense y motivado por los reconocimientos a la militancia, Eric Sevilla convoc\u00f3 a salir con la frente en alto a las calles y barrios para demostrar que los otros le fallaron al pa\u00eds con improvisaciones y que los priistas ya no van a permitir m\u00e1s.<\/p>\n\n\n\n<p>\u201cEl PRI no dejar\u00e1 que sigan las ocurrencias y los enga\u00f1os porque le han fallado a M\u00e9xico, han querido borrar las instituciones que construyeron todos lo mexicanos y el pa\u00eds que se forj\u00f3 a base de esfuerzo y de trabajo\u201d, agreg\u00f3 el dirigente estatal priista.<\/p>\n\n\n\n<p>\u201cQuieren borrar los a\u00f1os de vida del PRI pero les decimos, claramente, que detr\u00e1s del Partido est\u00e1 la patria misma, nos estamos sumando para demostrar el tama\u00f1o del priismo y frenar la destrucci\u00f3n de M\u00e9xico\u201d, exalt\u00f3 el dirigente estatal.<\/p>\n\n\n\n<p>\u201cTenemos una encomienda muy importante, lleg\u00f3 el momento de la unidad y del trabajo en equipo, el pa\u00eds requiere protecci\u00f3n, certeza en la toma de decisiones, ya basta, nuestras familias necesitan de tranquilidad y crecimiento que ofrece solo el PRI\u201d, puntualiz\u00f3.<\/p>\n\n\n\n<p>En la entrega de notas laudatorias por su labor partidista, el dirigente priista asever\u00f3 que en el Estado de M\u00e9xico vamos a decidir hacia d\u00f3nde camina el pa\u00eds, \u201cen el 2023 le vamos a demostrar a los de cuarta de que tama\u00f1o somos los priistas mexiquenses\u201d.<\/p>\n","protected":false},"excerpt":{"rendered":"<p>&middot;&nbsp;&nbsp;&nbsp;&nbsp;&nbsp;&nbsp;El pr&oacute;ximo a&ntilde;o se demostrar&aacute; el tama&ntilde;o del priismo mexiquense para cantarle las golondrinas a&#8230;<\/p>\n","protected":false},"author":1,"featured_media":7700,"comment_status":"closed","ping_status":"closed","sticky":false,"template":"","format":"standard","meta":{"footnotes":""},"categories":[65],"tags":[],"class_list":["post-7699","post","type-post","status-publish","format-standard","has-post-thumbnail","hentry","category-pri-estado-de-mexico"],"_links":{"self":[{"href":"https:\/\/www.notiflashmexiquense.com.mx\/index.php?rest_route=\/wp\/v2\/posts\/7699","targetHints":{"allow":["GET"]}}],"collection":[{"href":"https:\/\/www.notiflashmexiquense.com.mx\/index.php?rest_route=\/wp\/v2\/posts"}],"about":[{"href":"https:\/\/www.notiflashmexiquense.com.mx\/index.php?rest_route=\/wp\/v2\/types\/post"}],"author":[{"embeddable":true,"href":"https:\/\/www.notiflashmexiquense.com.mx\/index.php?rest_route=\/wp\/v2\/users\/1"}],"replies":[{"embeddable":true,"href":"https:\/\/www.notiflashmexiquense.com.mx\/index.php?rest_route=%2Fwp%2Fv2%2Fcomments&post=7699"}],"version-history":[{"count":1,"href":"https:\/\/www.notiflashmexiquense.com.mx\/index.php?rest_route=\/wp\/v2\/posts\/7699\/revisions"}],"predecessor-version":[{"id":7701,"href":"https:\/\/www.notiflashmexiquense.com.mx\/index.php?rest_route=\/wp\/v2\/posts\/7699\/revisions\/7701"}],"wp:featuredmedia":[{"embeddable":true,"href":"https:\/\/www.notiflashmexiquense.com.mx\/index.php?rest_route=\/wp\/v2\/media\/7700"}],"wp:attachment":[{"href":"https:\/\/www.notiflashmexiquense.com.mx\/index.php?rest_route=%2Fwp%2Fv2%2Fmedia&parent=7699"}],"wp:term":[{"taxonomy":"category","embeddable":true,"href":"https:\/\/www.notiflashmexiquense.com.mx\/index.php?rest_route=%2Fwp%2Fv2%2Fcategories&post=7699"},{"taxonomy":"post_tag","embeddable":true,"href":"https:\/\/www.notiflashmexiquense.com.mx\/index.php?rest_route=%2Fwp%2Fv2%2Ftags&post=7699"}],"curies":[{"name":"wp","href":"https:\/\/api.w.org\/{rel}","templated":true}]}}