{"id":7638,"date":"2022-07-13T20:51:02","date_gmt":"2022-07-13T20:51:02","guid":{"rendered":"https:\/\/www.notiflashmexiquense.com.mx\/?p=7638"},"modified":"2022-07-13T20:51:03","modified_gmt":"2022-07-13T20:51:03","slug":"morena-busca-mejorar-las-condiciones-de-accesibilidad-e-inclusion-a-grupos-vulnerables","status":"publish","type":"post","link":"https:\/\/www.notiflashmexiquense.com.mx\/?p=7638","title":{"rendered":"Morena busca mejorar las condiciones de accesibilidad e inclusi\u00f3n a grupos vulnerables"},"content":{"rendered":"\n<p>\uf0fc Analizan en Comisiones Unidas iniciativa para garantizar espacios de estacionamientos por separado a personas con discapacidad, adultas mayores y gestantes<\/p>\n\n\n\n<p>\uf0fc Se buscan que los espacios vehiculares destinados a los tres sectores representen al menos el 10% de la totalidad del \u00e1rea destinada en los establecimientos<\/p>\n\n\n\n<p>Toluca, M\u00e9x, 13 de julio del 2022.- \u201cLo que busca mi propuesta es mejorar las condiciones de accesibilidad y de inclusi\u00f3n a las personas en situaci\u00f3n de discapacidad, respetando en todo momento los derechos de las personas adultas mayores y en etapa de gestaci\u00f3n\u201d, se\u00f1al\u00f3 la diputada de Morena Alicia Mercado, durante el an\u00e1lisis de una iniciativa de reformas a la Ley de Movilidad del Estado de M\u00e9xico, celebrada en Comisiones Unidas de Atenci\u00f3n a Grupos Vulnerables con Comunicaciones y Transportes.<\/p>\n\n\n\n<p>En sesi\u00f3n de trabajo, las y los legisladores discutieron la Iniciativa con Proyecto de Decreto por el que se reforma el primer p\u00e1rrafo y se adiciona un segundo a la fracci\u00f3n XVII del art\u00edculo 9 de la Ley de Movilidad del Estado de M\u00e9xico, con la finalidad de garantizar una cantidad representativa de espacios de estacionamientos por separado a personas en situaci\u00f3n de discapacidad, adultas mayores y gestantes.<\/p>\n\n\n\n<p>Ah\u00ed, la diputada Alicia Mercado indic\u00f3 que es bastante com\u00fan ver a personas adulta mayores o gestantes ocupando los lugares de estacionamiento reservados a las personas con discapacidad, por lo que tratando de encontrar una v\u00eda de inclusi\u00f3n nace esta iniciativa que es \u201cpresentada por alguien que a diario vive estos problemas\u201d y que escucha a los sectores olvidados de la poblaci\u00f3n.<\/p>\n\n\n\n<p>Durante la reuni\u00f3n, la legisladora de la 4T, Rosa Mar\u00eda Zetina dio lectura a la exposici\u00f3n de motivos y detall\u00f3 que actualmente existen conflictos por los espacios de estacionamiento destinados a personas en situaci\u00f3n de discapacidad, ya que muchas veces son ocupados por personas en estado de gestaci\u00f3n o adultas mayores que aluden problemas de salud o con movilidad limitada, por lo que arrebatan un derecho ganado.<\/p>\n\n\n\n<p>Raz\u00f3n por lo que en la propuesta se busca la separaci\u00f3n de cajones que dar\u00e1 prioridad a las tres categor\u00edas: personas en situaci\u00f3n de discapacidad mayores y gestantes de este modo se garantizan lugares preferentes y de f\u00e1cil acceso en todos los espacios p\u00fablicos y privados del estado de M\u00e9xico y que los espacios vehiculares destinados a los tres sectores representen al menos el 10% de la totalidad del \u00e1rea destinada en cada establecimiento mexiquense.<\/p>\n\n\n\n<p>Ante esta iniciativa, las y los integrantes de las Comisiones Unidas realizaron propuestas para robustecer el proyecto para reformar la Ley de Movilidad del Estado de M\u00e9xico, tras lo que se acord\u00f3 citar a otra reuni\u00f3n para tratar este tema.<\/p>\n","protected":false},"excerpt":{"rendered":"<p>&#61692; Analizan en Comisiones Unidas iniciativa para garantizar espacios de estacionamientos por separado a personas&#8230;<\/p>\n","protected":false},"author":1,"featured_media":7639,"comment_status":"closed","ping_status":"closed","sticky":false,"template":"","format":"standard","meta":{"footnotes":""},"categories":[42],"tags":[],"class_list":["post-7638","post","type-post","status-publish","format-standard","has-post-thumbnail","hentry","category-legislatura-mexiquense-nueva-etapa"],"_links":{"self":[{"href":"https:\/\/www.notiflashmexiquense.com.mx\/index.php?rest_route=\/wp\/v2\/posts\/7638","targetHints":{"allow":["GET"]}}],"collection":[{"href":"https:\/\/www.notiflashmexiquense.com.mx\/index.php?rest_route=\/wp\/v2\/posts"}],"about":[{"href":"https:\/\/www.notiflashmexiquense.com.mx\/index.php?rest_route=\/wp\/v2\/types\/post"}],"author":[{"embeddable":true,"href":"https:\/\/www.notiflashmexiquense.com.mx\/index.php?rest_route=\/wp\/v2\/users\/1"}],"replies":[{"embeddable":true,"href":"https:\/\/www.notiflashmexiquense.com.mx\/index.php?rest_route=%2Fwp%2Fv2%2Fcomments&post=7638"}],"version-history":[{"count":1,"href":"https:\/\/www.notiflashmexiquense.com.mx\/index.php?rest_route=\/wp\/v2\/posts\/7638\/revisions"}],"predecessor-version":[{"id":7640,"href":"https:\/\/www.notiflashmexiquense.com.mx\/index.php?rest_route=\/wp\/v2\/posts\/7638\/revisions\/7640"}],"wp:featuredmedia":[{"embeddable":true,"href":"https:\/\/www.notiflashmexiquense.com.mx\/index.php?rest_route=\/wp\/v2\/media\/7639"}],"wp:attachment":[{"href":"https:\/\/www.notiflashmexiquense.com.mx\/index.php?rest_route=%2Fwp%2Fv2%2Fmedia&parent=7638"}],"wp:term":[{"taxonomy":"category","embeddable":true,"href":"https:\/\/www.notiflashmexiquense.com.mx\/index.php?rest_route=%2Fwp%2Fv2%2Fcategories&post=7638"},{"taxonomy":"post_tag","embeddable":true,"href":"https:\/\/www.notiflashmexiquense.com.mx\/index.php?rest_route=%2Fwp%2Fv2%2Ftags&post=7638"}],"curies":[{"name":"wp","href":"https:\/\/api.w.org\/{rel}","templated":true}]}}