{"id":7627,"date":"2022-07-13T03:05:50","date_gmt":"2022-07-13T03:05:50","guid":{"rendered":"https:\/\/www.notiflashmexiquense.com.mx\/?p=7627"},"modified":"2022-07-13T03:05:54","modified_gmt":"2022-07-13T03:05:54","slug":"lengua-matlatzinca-en-riesgo-por-falta-de-estrategia-y-respaldo-estatal","status":"publish","type":"post","link":"https:\/\/www.notiflashmexiquense.com.mx\/?p=7627","title":{"rendered":"Lengua Matlatzinca en riesgo por falta de estrategia y respaldo estatal"},"content":{"rendered":"\n<p>\uf0fc Ampliar el n\u00famero de hablantes debe ser el objetivo<\/p>\n\n\n\n<p>\uf0fc El Estado y sus instituciones tienen la responsabilidad y obligaci\u00f3n de preservar e impulsar la cultura de los pueblos originarias<\/p>\n\n\n\n<p>Temascaltepec, M\u00e9., a 12 de julio de 2022.- Abraham Saron\u00e9 Campos, presidente de la comisi\u00f3n de Educaci\u00f3n, Cultura, Ciencia y Tecnolog\u00eda de la C\u00e1mara de Diputados del Estado de M\u00e9xico, escuch\u00f3 propuestas y l\u00edneas de acci\u00f3n, que de acuerdo con integrantes de la comunidad Matlatzinca, deben emprenderse inmediatamente para evitar que desaparezca su lengua ante ma falta de apoyo estatal.<\/p>\n\n\n\n<p>Consideraron que hasta el momento la estrategia para incrementar el n\u00famero de hablantes de la lengua Matlatzinca ha sido fallida y denunciaron que no han tenido respaldo institucional y econ\u00f3mico por parte del Gobierno del Estado de M\u00e9xico para alcanzar tal objetivo, ello durante el Foro de \u201cConsulta en Materia de Educaci\u00f3n Ind\u00edgena e Inclusiva\u201d con la comunidad Matlatzinca.<\/p>\n\n\n\n<p>En la Casa de Cultura de San Francisco Oxtoltip\u00e1n, el diputado Abraham Saron\u00e9 precis\u00f3 que el Estado y sus instituciones tienen la responsabilidad y obligaci\u00f3n de preservar e impulsar las lenguas originarias, as\u00ed como el bienestar de todos sus miembros y hablantes como son los Matlatzincas.<\/p>\n\n\n\n<p>El legislador que ha dedicado toda su vida profesional al sector educativo refiri\u00f3 que har\u00e1 las gestiones necesarias para que la Secretar\u00eda de Educaci\u00f3n del Gobierno estatal asigne el n\u00famero necesario de maestros biling\u00fces, hablantes de lenguas ind\u00edgenas, para que brinden su servicio a dicho sector de la poblaci\u00f3n.<\/p>\n\n\n\n<p>Necesitamos asignaci\u00f3n de recursos para fortalecer la \u201cpreservaci\u00f3n de la lengua ind\u00edgena\u201d, adquirir \u201cmaterial did\u00e1ctico\u201d id\u00f3neo y para materializar estrategias espec\u00edficas que permitan socializar las lenguas originarias como la Matlatzinca, dijo el legislador.<\/p>\n\n\n\n<p>Coincidi\u00f3 en sostener que la aspiraci\u00f3n debe consistir en preservar la cultura y talento ind\u00edgena, garantizar su bienestar y potenciar las capacidades de todos sus integrantes, teniendo como base el sistema educativo p\u00fablico.<\/p>\n\n\n\n<p>Los foros de consulta tienen el fin de robustecer, a partir de la participaci\u00f3n de los miembros de las comunidades, el contenido de los art\u00edculos de la Ley estatal Educativa que est\u00e1n en proceso de armonizaci\u00f3n con su similar federal.<\/p>\n\n\n\n<p>Abraham Saron\u00e9 subray\u00f3 que, para preservar las lenguas originarias mexiquenses, una pieza clave e indispensable es la participaci\u00f3n de la familia, as\u00ed como acciones colectivas de los miembros de cada comunidad ind\u00edgena.<\/p>\n\n\n\n<p>A\u00f1adi\u00f3 que las escuelas del sistema educativo estatal y federal tambi\u00e9n se deben constituir como otro de los pilares para impulsar no s\u00f3lo la preservaci\u00f3n de la lengua, sino y sobre todo la multiplicaci\u00f3n de sus hablantes.<\/p>\n\n\n\n<p>En este tenor, ratific\u00f3, que la Secretar\u00eda de Educaci\u00f3n estatal tiene la gran responsabilidad de habilitar, lo antes posible, el n\u00famero suficiente de maestros-biling\u00fces, hablantes de lengua ind\u00edgena, que son requeridos en aquellos municipios donde est\u00e1n presentes los pueblos originarios del Estado de M\u00e9xico: Mazahua, Otom\u00ed, Nahua, Tlahuica y Matlatzinca.<\/p>\n\n\n\n<p>Por \u00faltimo, el diputado se congratul\u00f3 de que por primera vez exista un trabajo colaborativo directo entre miembros del Poder Legislativo del Estado de M\u00e9xico e integrantes de las comunidades originarias del territorio estatal.<\/p>\n\n\n\n<p>\u201cHa sido muy rico todo este di\u00e1logo y viene a fortalecer los trabajos que hemos estado realizando\u201d, concluy\u00f3 Abraham Saron\u00e9 Campos, presidente de la comisi\u00f3n de Educaci\u00f3n, Cultura, Ciencia y Tecnolog\u00eda del Congreso mexiquense.<\/p>\n","protected":false},"excerpt":{"rendered":"<p>&#61692; Ampliar el n&uacute;mero de hablantes debe ser el objetivo &#61692; El Estado y sus&#8230;<\/p>\n","protected":false},"author":1,"featured_media":7628,"comment_status":"closed","ping_status":"closed","sticky":false,"template":"","format":"standard","meta":{"footnotes":""},"categories":[42],"tags":[],"class_list":["post-7627","post","type-post","status-publish","format-standard","has-post-thumbnail","hentry","category-legislatura-mexiquense-nueva-etapa"],"_links":{"self":[{"href":"https:\/\/www.notiflashmexiquense.com.mx\/index.php?rest_route=\/wp\/v2\/posts\/7627","targetHints":{"allow":["GET"]}}],"collection":[{"href":"https:\/\/www.notiflashmexiquense.com.mx\/index.php?rest_route=\/wp\/v2\/posts"}],"about":[{"href":"https:\/\/www.notiflashmexiquense.com.mx\/index.php?rest_route=\/wp\/v2\/types\/post"}],"author":[{"embeddable":true,"href":"https:\/\/www.notiflashmexiquense.com.mx\/index.php?rest_route=\/wp\/v2\/users\/1"}],"replies":[{"embeddable":true,"href":"https:\/\/www.notiflashmexiquense.com.mx\/index.php?rest_route=%2Fwp%2Fv2%2Fcomments&post=7627"}],"version-history":[{"count":1,"href":"https:\/\/www.notiflashmexiquense.com.mx\/index.php?rest_route=\/wp\/v2\/posts\/7627\/revisions"}],"predecessor-version":[{"id":7629,"href":"https:\/\/www.notiflashmexiquense.com.mx\/index.php?rest_route=\/wp\/v2\/posts\/7627\/revisions\/7629"}],"wp:featuredmedia":[{"embeddable":true,"href":"https:\/\/www.notiflashmexiquense.com.mx\/index.php?rest_route=\/wp\/v2\/media\/7628"}],"wp:attachment":[{"href":"https:\/\/www.notiflashmexiquense.com.mx\/index.php?rest_route=%2Fwp%2Fv2%2Fmedia&parent=7627"}],"wp:term":[{"taxonomy":"category","embeddable":true,"href":"https:\/\/www.notiflashmexiquense.com.mx\/index.php?rest_route=%2Fwp%2Fv2%2Fcategories&post=7627"},{"taxonomy":"post_tag","embeddable":true,"href":"https:\/\/www.notiflashmexiquense.com.mx\/index.php?rest_route=%2Fwp%2Fv2%2Ftags&post=7627"}],"curies":[{"name":"wp","href":"https:\/\/api.w.org\/{rel}","templated":true}]}}