{"id":7624,"date":"2022-07-13T02:58:50","date_gmt":"2022-07-13T02:58:50","guid":{"rendered":"https:\/\/www.notiflashmexiquense.com.mx\/?p=7624"},"modified":"2022-07-13T02:58:53","modified_gmt":"2022-07-13T02:58:53","slug":"falta-de-agua-potable-vulnera-derechos-de-los-habitantes-del-estado-de-mexico-higinio-martinez","status":"publish","type":"post","link":"https:\/\/www.notiflashmexiquense.com.mx\/?p=7624","title":{"rendered":"Falta de agua potable vulnera derechos de los habitantes del Estado de M\u00e9xico: Higinio Mart\u00ednez"},"content":{"rendered":"\n<p>*En el Valle de M\u00e9xico se desperdician por fugas de agua potable entre un 35 y 40 por ciento del l\u00edquido<\/p>\n\n\n\n<p>*Muchas viviendas que est\u00e1n conectadas a la red, no cuenta con el l\u00edquido de manera continua debido al crecimiento urbano desordenado<\/p>\n\n\n\n<p>Toluca, M\u00e9x, 12 de julio de 2022.- Si bien en el Estado de M\u00e9xico 97.5 por ciento de las viviendas cuentan con agua entubada, esta cobertura no se refleja en un acceso a ese derecho con un suministro continuo y de calidad para todas las personas, declar\u00f3 el senador Higinio Mart\u00ednez.<\/p>\n\n\n\n<p>Esto, significa que m\u00e1s de dos millones de personas, principalmente en situaci\u00f3n de pobreza, obtienen el agua por tandeo y\/o pipas, lo que refleja una distribuci\u00f3n no equitativa, es decir, su carencia obliga a los habitantes al acarreo manual o compra de agua embotellada con un fuerte impacto al bolsillo de las familias.<\/p>\n\n\n\n<p>Pero esta cifra, tan s\u00f3lo es el pico del iceberg, pues, aunque muchas viviendas est\u00e1n conectadas a la red, no cuentan con el l\u00edquido de manera continua como consecuencia del crecimiento urbano desordenado que ha provocado la falta de disponibilidad de agua potable, sobrexplotaci\u00f3n de mantos acu\u00edferos y contaminaci\u00f3n, ya que, se expiden dict\u00e1menes de factibilidad h\u00eddrica en nuevos desarrollos, que carecen de este servicio, explic\u00f3.<\/p>\n\n\n\n<p>El texcocano se\u00f1al\u00f3 que la falta de agua en los hogares vulnera derechos sociales reconocidos en instrumentos internacionales y en la Constituci\u00f3n Pol\u00edtica local, no s\u00f3lo el de acceso al agua, sino tambi\u00e9n al saneamiento, vivienda y vida digna.<\/p>\n\n\n\n<p>Y ejemplific\u00f3 que en el Valle de M\u00e9xico se desperdician por fugas de agua potable en las redes de distribuci\u00f3n entre un 35 y 40 por ciento del l\u00edquido, lo que significa un volumen superior del total que aporta el sistema Cutzamala para el consumo de m\u00e1s de 5 millones de personas.<\/p>\n\n\n\n<p>\u201cNo hay obras, ni acciones coordinadas para resolver uno de los m\u00e1s a\u00f1ejos problemas como el desperdicio del l\u00edquido por las fugas en la red de distribuci\u00f3n debido a su antig\u00fcedad de las l\u00edneas de conducci\u00f3n, que datan de m\u00e1s de 70 a\u00f1os y que han sufrido el embate de los movimientos del subsuelo por hundimientos constantes del terreno y temblores frecuentes que fracturan los ductos\u201d, dijo.<\/p>\n\n\n\n<p>Adem\u00e1s de una alta ocurrencia de fugas de agua en las instalaciones domiciliarias. Su uso absurdo del agua con dispositivos derrochadores, lavado de autos, pisos y banquetas, uso excesivo de agua en lavado de utensilios de cocina, ropa, riego de plantas y jardines y a\u00fan el uso en albercas, pr\u00e1cticas que es necesario corregir, consider\u00f3 Higinio Mart\u00ednez.<\/p>\n\n\n\n<p>Advirti\u00f3 que las \u201ccrisis por el agua ser\u00e1n cada vez m\u00e1s frecuentes y afectar\u00e1n a m\u00e1s personas y su soluci\u00f3n ser\u00e1 cada vez m\u00e1s compleja y de costos m\u00e1s elevados. Se requiere enfrentarla con acciones constantes y coordinadas con la participaci\u00f3n de las autoridades de los distintos \u00f3rdenes de gobierno\u201d as\u00ed como de la participaci\u00f3n de los ciudadanos.<\/p>\n\n\n\n<p>Frente a este escenario, \u201cse requiere una mayor inversi\u00f3n para reparar las fugas en la red de agua potable como un paliativo para reducir la p\u00e9rdida del l\u00edquido y mantener el servicio; de lo contrario, los escenarios de escasez en el \u00e1rea metropolitana de la ciudad de M\u00e9xico podr\u00edan tornarse dram\u00e1ticos durante los meses de estiaje de este a\u00f1o\u201d, finaliz\u00f3.<\/p>\n","protected":false},"excerpt":{"rendered":"<p>*En el Valle de M&eacute;xico se desperdician por fugas de agua potable entre un 35&#8230;<\/p>\n","protected":false},"author":1,"featured_media":7625,"comment_status":"closed","ping_status":"closed","sticky":false,"template":"","format":"standard","meta":{"footnotes":""},"categories":[1],"tags":[],"class_list":["post-7624","post","type-post","status-publish","format-standard","has-post-thumbnail","hentry","category-noticias"],"_links":{"self":[{"href":"https:\/\/www.notiflashmexiquense.com.mx\/index.php?rest_route=\/wp\/v2\/posts\/7624","targetHints":{"allow":["GET"]}}],"collection":[{"href":"https:\/\/www.notiflashmexiquense.com.mx\/index.php?rest_route=\/wp\/v2\/posts"}],"about":[{"href":"https:\/\/www.notiflashmexiquense.com.mx\/index.php?rest_route=\/wp\/v2\/types\/post"}],"author":[{"embeddable":true,"href":"https:\/\/www.notiflashmexiquense.com.mx\/index.php?rest_route=\/wp\/v2\/users\/1"}],"replies":[{"embeddable":true,"href":"https:\/\/www.notiflashmexiquense.com.mx\/index.php?rest_route=%2Fwp%2Fv2%2Fcomments&post=7624"}],"version-history":[{"count":1,"href":"https:\/\/www.notiflashmexiquense.com.mx\/index.php?rest_route=\/wp\/v2\/posts\/7624\/revisions"}],"predecessor-version":[{"id":7626,"href":"https:\/\/www.notiflashmexiquense.com.mx\/index.php?rest_route=\/wp\/v2\/posts\/7624\/revisions\/7626"}],"wp:featuredmedia":[{"embeddable":true,"href":"https:\/\/www.notiflashmexiquense.com.mx\/index.php?rest_route=\/wp\/v2\/media\/7625"}],"wp:attachment":[{"href":"https:\/\/www.notiflashmexiquense.com.mx\/index.php?rest_route=%2Fwp%2Fv2%2Fmedia&parent=7624"}],"wp:term":[{"taxonomy":"category","embeddable":true,"href":"https:\/\/www.notiflashmexiquense.com.mx\/index.php?rest_route=%2Fwp%2Fv2%2Fcategories&post=7624"},{"taxonomy":"post_tag","embeddable":true,"href":"https:\/\/www.notiflashmexiquense.com.mx\/index.php?rest_route=%2Fwp%2Fv2%2Ftags&post=7624"}],"curies":[{"name":"wp","href":"https:\/\/api.w.org\/{rel}","templated":true}]}}