{"id":7615,"date":"2022-07-13T01:21:07","date_gmt":"2022-07-13T01:21:07","guid":{"rendered":"https:\/\/www.notiflashmexiquense.com.mx\/?p=7615"},"modified":"2022-07-13T01:21:09","modified_gmt":"2022-07-13T01:21:09","slug":"rehabilitan-el-dif-central-de-atizapan-de-zaragoza-alcalde-pedro-rodriguez-revive-todos-los-servicios-en-beneficio-de-las-familias","status":"publish","type":"post","link":"https:\/\/www.notiflashmexiquense.com.mx\/?p=7615","title":{"rendered":"REHABILITAN EL DIF CENTRAL DE ATIZAP\u00c1N DE ZARAGOZA; ALCALDE PEDRO RODR\u00cdGUEZ \u2018REVIVE\u2019 TODOS LOS SERVICIOS EN BENEFICIO DE LAS FAMILIAS"},"content":{"rendered":"\n<p>Las instalaciones del DIF Central de Atizap\u00e1n de Zaragoza fueron renovadas. El Presidente Municipal, Pedro Rodr\u00edguez Villegas, y miembros de su Cabildo cortaron el list\u00f3n inaugural y develaron una placa de la entrega de esta obra.<\/p>\n\n\n\n<p>\u201cLas oficinas, el \u00e1rea jur\u00eddica, la Procuradur\u00eda de la Defensa del Menor (quedaron) abandonadas, porque ya no estaban en condiciones de trabajar por la cantidad de humedad y de goteras que ten\u00edan.<\/p>\n\n\n\n<p>\u201cFue una tristeza ver que estaban todas las oficinas cerradas, sin operaci\u00f3n y hoy, lo que hacemos, es que tenga que ser una \u2018cara bonita\u2019, una \u2018cara agradable\u2019. Invito a la ciudadan\u00eda a acercarse, est\u00e1 todo el personal con toda la disposici\u00f3n, con esa mentalidad que tiene el Alcalde de tender la mano cercana, la mano amiga a la ciudadan\u00eda, darle vida y que el DIF recupere la imagen que ha perdido, esa cercan\u00eda, esa buena atenci\u00f3n que se ha perdido hacia la ciudadan\u00eda\u201d, asegur\u00f3 Rodr\u00edguez Villegas.<\/p>\n\n\n\n<p>Esta nueva obra incluy\u00f3 trabajos integrales de servicio de mantenimiento mayor, remozamiento en la estructura met\u00e1lica, adecuaci\u00f3n de \u00e1reas en el interior del inmueble, instalaci\u00f3n el\u00e9ctrica de alumbrado y contactos.<\/p>\n\n\n\n<p>Tambi\u00e9n, reparaci\u00f3n de sanitarios, de pisos de cer\u00e1mica en \u00e1reas da\u00f1adas, impermeabilizaci\u00f3n de la azotea del edificio central y captaci\u00f3n de aguas pluviales en el patio interior y parte de la fachada. Adem\u00e1s, reforzamiento estructural en vigas y conexiones met\u00e1licas, demolici\u00f3n y reconstrucci\u00f3n de muros de tabique da\u00f1ados y panel de yeso, rehabilitaci\u00f3n de canceler\u00eda, puertas de madera, entre otros arreglos.<\/p>\n\n\n\n<p>\u201cEsta ser\u00e1 la primera (etapa) de la transformaci\u00f3n que seguiremos dando a todas las instalaciones del DIF, queremos dejarlas de primer mundo\u201d, se\u00f1al\u00f3 el Alcalde.<\/p>\n\n\n\n<p>El segundo paso despu\u00e9s de esta rehabilitaci\u00f3n, dijo, ser\u00e1 el mejoramiento de la Casa de la Tercera Edad de Coporo, el Centro de Equinoterapia, la Unidades de Rehabilitaci\u00f3n e Integraci\u00f3n Social (URIS) y el Centro Escolar Topampa del Sistema DIF municipal.<\/p>\n\n\n\n<p>\u201cLos DIF municipales son instituciones p\u00fablicas de asistencia social que requieren el apoyo de todos los sectores de la sociedad, pero, fundamentalmente, del Gobierno municipal y aqu\u00ed, en Atizap\u00e1n de Zaragoza, el se\u00f1or presidente (municipal) y el cuerpo edilicio lo hacen y les agradecemos mucho que as\u00ed sea, porque sin ustedes, se\u00f1or presidente, no podr\u00edamos tener avances\u201d, celebr\u00f3 Alfredo S\u00e1nchez Flores, Coordinador regional del DIF Estado de M\u00e9xico<\/p>\n\n\n\n<p>\u201c(Es importante) darle a su personal instalaciones dignas, adecuadas, que no pongan en peligro su integridad f\u00edsica, pero, m\u00e1s all\u00e1 a\u00fan, para atender de la mejor manera a la ciudadan\u00eda\u201d.<\/p>\n","protected":false},"excerpt":{"rendered":"<p>Las instalaciones del DIF Central de Atizap&aacute;n de Zaragoza fueron renovadas. El Presidente Municipal, Pedro&#8230;<\/p>\n","protected":false},"author":1,"featured_media":7616,"comment_status":"closed","ping_status":"closed","sticky":false,"template":"","format":"standard","meta":{"footnotes":""},"categories":[45],"tags":[],"class_list":["post-7615","post","type-post","status-publish","format-standard","has-post-thumbnail","hentry","category-atizapan-de-zaragoza"],"_links":{"self":[{"href":"https:\/\/www.notiflashmexiquense.com.mx\/index.php?rest_route=\/wp\/v2\/posts\/7615","targetHints":{"allow":["GET"]}}],"collection":[{"href":"https:\/\/www.notiflashmexiquense.com.mx\/index.php?rest_route=\/wp\/v2\/posts"}],"about":[{"href":"https:\/\/www.notiflashmexiquense.com.mx\/index.php?rest_route=\/wp\/v2\/types\/post"}],"author":[{"embeddable":true,"href":"https:\/\/www.notiflashmexiquense.com.mx\/index.php?rest_route=\/wp\/v2\/users\/1"}],"replies":[{"embeddable":true,"href":"https:\/\/www.notiflashmexiquense.com.mx\/index.php?rest_route=%2Fwp%2Fv2%2Fcomments&post=7615"}],"version-history":[{"count":1,"href":"https:\/\/www.notiflashmexiquense.com.mx\/index.php?rest_route=\/wp\/v2\/posts\/7615\/revisions"}],"predecessor-version":[{"id":7617,"href":"https:\/\/www.notiflashmexiquense.com.mx\/index.php?rest_route=\/wp\/v2\/posts\/7615\/revisions\/7617"}],"wp:featuredmedia":[{"embeddable":true,"href":"https:\/\/www.notiflashmexiquense.com.mx\/index.php?rest_route=\/wp\/v2\/media\/7616"}],"wp:attachment":[{"href":"https:\/\/www.notiflashmexiquense.com.mx\/index.php?rest_route=%2Fwp%2Fv2%2Fmedia&parent=7615"}],"wp:term":[{"taxonomy":"category","embeddable":true,"href":"https:\/\/www.notiflashmexiquense.com.mx\/index.php?rest_route=%2Fwp%2Fv2%2Fcategories&post=7615"},{"taxonomy":"post_tag","embeddable":true,"href":"https:\/\/www.notiflashmexiquense.com.mx\/index.php?rest_route=%2Fwp%2Fv2%2Ftags&post=7615"}],"curies":[{"name":"wp","href":"https:\/\/api.w.org\/{rel}","templated":true}]}}