{"id":7611,"date":"2022-07-12T03:45:43","date_gmt":"2022-07-12T03:45:43","guid":{"rendered":"https:\/\/www.notiflashmexiquense.com.mx\/?p=7611"},"modified":"2022-07-12T03:45:44","modified_gmt":"2022-07-12T03:45:44","slug":"tlalnepantla-se-fortalece-al-profesionalizar-a-funcionarios-para-evitar-excesos-o-errores-en-tramites-administrativos","status":"publish","type":"post","link":"https:\/\/www.notiflashmexiquense.com.mx\/?p=7611","title":{"rendered":"TLALNEPANTLA SE FORTALECE AL PROFESIONALIZAR A FUNCIONARIOS PARA EVITAR EXCESOS O ERRORES EN TR\u00c1MITES ADMINISTRATIVOS"},"content":{"rendered":"\n<p>\u25cf Tony Rodr\u00edguez suscribe convenio con Tribunal de Justicia Administrativa para capacitar a servidores p\u00fablicos<br>\u25cf Magistrada Arlen Siu Jaime reconoce visi\u00f3n vanguardista del Presidente Municipal por mejorar atenci\u00f3n a la ciudadan\u00eda<\/p>\n\n\n\n<p><em>Tlalnepantla de Baz, Estado de M\u00e9xico, a 11 de julio de 2022.-<\/em> El Gobierno de Tlalnepantla firm\u00f3 un convenio con el Tribunal de Justicia Administrativa del Estado de M\u00e9xico, para dar capacitaci\u00f3n y asesor\u00eda a los servidores p\u00fablicos, a fin de evitar que se cometan errores en la Administraci\u00f3n P\u00fablica o que alg\u00fan funcionario incurra en excesos o acciones indebidas.<\/p>\n\n\n\n<p>El Presidente Municipal, Marco Antonio Rodr\u00edguez Hurtado, y la Magistrada Presidenta del Tribunal, Arlen Siu Jaime Merlo, suscribieron el acuerdo que sienta las bases esenciales de la forma de actuar de la autoridad, para no afectar a la ciudadan\u00eda o que este \u00f3rgano se convierta en \u201cinquisidor\u201d.<\/p>\n\n\n\n<p>\u201cLas nuevas formas de administrar tienen que ver con la obligaci\u00f3n, la responsabilidad y la seriedad a la que todos nos debemos conducir, apegados a la legalidad, cumpliendo siempre el marco normativo que nos rige y, ante todo, siempre vaya previendo que no haya ninguna acci\u00f3n o exceso de un servidor p\u00fablico para que se eviten las controversias que se dan entre la administraci\u00f3n p\u00fablica y los particulares\u201d, afirm\u00f3 el Alcalde.<\/p>\n\n\n\n<p>Ofreci\u00f3 estar pendiente de que cada uno de los funcionarios del Gobierno de Tlalnepantla, empezando por \u00e9l, act\u00faen correctamente para dar certeza a la sociedad de que los actos ser\u00e1n apegados a la ley, porque a veces se cometen errores o violaciones que afectan la esfera jur\u00eddica del ciudadano.<\/p>\n\n\n\n<p>\u201cQue sepa la gente que trabajaremos muy de la mano, porque nuestra intenci\u00f3n es no ver al tribunal como un tribunal inquisidor, sino que hoy es un tribunal orientador, que nos lleva de la mano para actuar correctamente\u201d, agreg\u00f3.<\/p>\n\n\n\n<p>En tanto, la Magistrada Arlen Siu Jaime tras reconocer la labor de Tony Rodr\u00edguez por su visi\u00f3n vanguardista de sumar esfuerzos para dirimir las controversias entre autoridades y ciudadanos, dijo que se pondr\u00e1 al alcance de los servidores p\u00fablicos sus sistemas digitales para agilizar la justicia de manera eficaz y efectiva.<\/p>\n\n\n\n<p>\u201cQue no se vea que el tribunal es una autoridad inquisidora, que se vea que es un tribunal cercano a la gente, interesado en tener este tipo de capacitaciones, y desde luego celebramos esta visi\u00f3n que tuvo el Presidente Municipal\u201d, destac\u00f3.<\/p>\n\n\n\n<p>El Director Jur\u00eddico del Ayuntamiento, Juan Minutti, explic\u00f3 que el tr\u00e1mite de los juicios administrativos ser\u00e1 m\u00e1s sencillo, eficiente, a trav\u00e9s del aprovechamiento y operaci\u00f3n del tribunal electr\u00f3nico.<\/p>\n\n\n\n<p>Adem\u00e1s, se dar\u00e1 profesionalizaci\u00f3n y capacitaci\u00f3n a servidores p\u00fablicos adscritos a las \u00e1reas jur\u00eddicas del Ayuntamiento, lo cual trascender\u00e1 en un mejor desempe\u00f1o, dando mayor certeza y certidumbre jur\u00eddica que se traducir\u00e1 en resultados favorables para el Gobierno en beneficio de los tlalnepantlenses.<\/p>\n","protected":false},"excerpt":{"rendered":"<p>&#9679; Tony Rodr&iacute;guez suscribe convenio con Tribunal de Justicia Administrativa para capacitar a servidores p&uacute;blicos&#9679;&#8230;<\/p>\n","protected":false},"author":1,"featured_media":7612,"comment_status":"closed","ping_status":"closed","sticky":false,"template":"","format":"standard","meta":{"footnotes":""},"categories":[45],"tags":[],"class_list":["post-7611","post","type-post","status-publish","format-standard","has-post-thumbnail","hentry","category-atizapan-de-zaragoza"],"_links":{"self":[{"href":"https:\/\/www.notiflashmexiquense.com.mx\/index.php?rest_route=\/wp\/v2\/posts\/7611","targetHints":{"allow":["GET"]}}],"collection":[{"href":"https:\/\/www.notiflashmexiquense.com.mx\/index.php?rest_route=\/wp\/v2\/posts"}],"about":[{"href":"https:\/\/www.notiflashmexiquense.com.mx\/index.php?rest_route=\/wp\/v2\/types\/post"}],"author":[{"embeddable":true,"href":"https:\/\/www.notiflashmexiquense.com.mx\/index.php?rest_route=\/wp\/v2\/users\/1"}],"replies":[{"embeddable":true,"href":"https:\/\/www.notiflashmexiquense.com.mx\/index.php?rest_route=%2Fwp%2Fv2%2Fcomments&post=7611"}],"version-history":[{"count":1,"href":"https:\/\/www.notiflashmexiquense.com.mx\/index.php?rest_route=\/wp\/v2\/posts\/7611\/revisions"}],"predecessor-version":[{"id":7613,"href":"https:\/\/www.notiflashmexiquense.com.mx\/index.php?rest_route=\/wp\/v2\/posts\/7611\/revisions\/7613"}],"wp:featuredmedia":[{"embeddable":true,"href":"https:\/\/www.notiflashmexiquense.com.mx\/index.php?rest_route=\/wp\/v2\/media\/7612"}],"wp:attachment":[{"href":"https:\/\/www.notiflashmexiquense.com.mx\/index.php?rest_route=%2Fwp%2Fv2%2Fmedia&parent=7611"}],"wp:term":[{"taxonomy":"category","embeddable":true,"href":"https:\/\/www.notiflashmexiquense.com.mx\/index.php?rest_route=%2Fwp%2Fv2%2Fcategories&post=7611"},{"taxonomy":"post_tag","embeddable":true,"href":"https:\/\/www.notiflashmexiquense.com.mx\/index.php?rest_route=%2Fwp%2Fv2%2Ftags&post=7611"}],"curies":[{"name":"wp","href":"https:\/\/api.w.org\/{rel}","templated":true}]}}