{"id":7603,"date":"2022-07-12T00:17:05","date_gmt":"2022-07-12T00:17:05","guid":{"rendered":"https:\/\/www.notiflashmexiquense.com.mx\/?p=7603"},"modified":"2022-07-12T00:17:06","modified_gmt":"2022-07-12T00:17:06","slug":"morena-obligada-a-acabar-con-corrupcion-desigualdad-e-inseguridad-que-prevalece-en-edomex-maurilio-hernandez","status":"publish","type":"post","link":"https:\/\/www.notiflashmexiquense.com.mx\/?p=7603","title":{"rendered":"Morena obligada a acabar con corrupci\u00f3n, desigualdad e inseguridad que prevalece en Edomex: Maurilio Hern\u00e1ndez"},"content":{"rendered":"\n<p>\uf0fc Previsible tantos aspirantes a la posici\u00f3n de Coordinador de Comit\u00e9s de la 4T<\/p>\n\n\n\n<p>\uf0fc Tendr\u00e1n que llegar no m\u00e1s de cinco finalistas a la segunda encuesta<\/p>\n\n\n\n<p>\uf0fc Se debe valorar trayectoria, reconocimiento social y que genere la unidad<\/p>\n\n\n\n<p>Toluca, M\u00e9x, 11 de julio de 2022.- El o la Coordinadora de los Comit\u00e9s de la Cuarta Transformaci\u00f3n surgido de la encuesta que realizar\u00e1 el Movimiento Regeneraci\u00f3n Nacional (Morena) en el Estado de M\u00e9xico, est\u00e1 obligado a asumir las causas que impulsa la Cuarta Transformaci\u00f3n como son acabar con la corrupci\u00f3n, desigualdad e inseguridad que prevalece en la entidad, opin\u00f3 Maurilio Hern\u00e1ndez Gonz\u00e1lez, Coordinador del Grupo Parlamentario de los diputados morenistas.<\/p>\n\n\n\n<p>Luego de participar en el Foro \u201cHacia una Gesti\u00f3n Metropolitana de los Residuos S\u00f3lidos\u201d convocado por el presidente de la Comisi\u00f3n de Asuntos Metropolitanos, diputado Max Correa Hern\u00e1ndez y protagonizado por especialistas, el tambi\u00e9n presidente de la Junta de Coordinaci\u00f3n Pol\u00edtica de la LXI Legislatura local, Maurilio Hern\u00e1ndez, precis\u00f3 que el m\u00e9todo de selecci\u00f3n a trav\u00e9s del cual Morena elegir\u00e1 a la o el Coordinador de los Comit\u00e9s de la 4T, es un proceso de unidad donde todos aquellos que re\u00fanan los requisitos est\u00e1n en la posibilidad de participar y obtener la responsabilidad.<\/p>\n\n\n\n<p>Consider\u00f3 que la plural y amplia participaci\u00f3n en dicho proceso interno era previsible, ya que en Morena existe plena libertad para que todos aquellos que as\u00ed lo deseen puedan participar y record\u00f3 que, ante tal efervescencia por asumir la figura de Coordinador de los Comit\u00e9s de la 4T en la entidad, hay 67 aspirantes, seguramente las \u00e1reas competentes del Comit\u00e9 Ejecutivo Nacional optar\u00e1n por realizar dos encuetas, con el objetivo de que a la segunda lleguen no m\u00e1s de cinco mujeres y\/o hombres de Morena.<\/p>\n\n\n\n<p>Maurilio Hern\u00e1ndez expreso que entre las personas inscritas a dicho proceso interno est\u00e1n pol\u00edticos de Morena con una larga trayectoria, pues hay diputadas y diputados locales y federales, presidentas y presidentes municipales, senadores, funcionarios que hoy detentan cargos a nivel federal, l\u00edderes sociales y militantes en general.<\/p>\n\n\n\n<p>Opin\u00f3 que ser\u00e1 complicado realizar la primera encuesta con tantos aspirantes, aunque subray\u00f3 que todos tienen derecho y una posibilidad real de participar en el mecanismo interno.<br>El legislador agreg\u00f3, la encuesta mide, entre otros elementos, el nivel de reconocimiento que tienen la poblaci\u00f3n de todo el Estado de M\u00e9xico de determinada o determinado pol\u00edtico, dijo.<\/p>\n\n\n\n<p>El Coordinador de los diputados de Morena, tambi\u00e9n explic\u00f3 que, al concluir dicha etapa de encuestas, la o el pol\u00edtico morenista que haya sido seleccionado, se tendr\u00e1 que dar a la tarea de recorrer todo el Estado de M\u00e9xico no solamente para hacer un llamado a la unidad de la 4T, sino tambi\u00e9n para impulsar la principal causa, que consiste en ganar la gubernatura para lograr la transformaci\u00f3n de la entidad mexiquense.<\/p>\n\n\n\n<p>\u201cEs un proceso para que, quien sea el Coordinador o la Coordinadora, recorra todo el Estado a partir del mes de agosto, en ese entendido. Estar llamando a la unidad entorno, l\u00f3gicamente, a la propuesta de una causa, es lo que nos une a los militantes de Morena; y la causa es ganar la gubernatura para lograr la transformaci\u00f3n del Estado de M\u00e9xico\u201d, subray\u00f3 el diputado por el distrito electoral de Tultitl\u00e1n.<\/p>\n\n\n\n<p>En este sentido, el l\u00edder de Morena en el Congreso mexiquense enfatiz\u00f3 que a diferencia de otros momentos hoy la 4T tiene la posibilidad de transformar profundamente al Estado de M\u00e9xico.<\/p>\n\n\n\n<p>Antes, el presidente de la Junta de Coordinaci\u00f3n Pol\u00edtica de la LXI Legislatura, particip\u00f3 en la apertura del Foro \u201cHacia una Gesti\u00f3n Metropolitana de los Residuos S\u00f3lidos\u201d convocado por el presidente de la Comisi\u00f3n de Asuntos Metropolitanos, diputado Max Correa Hern\u00e1ndez donde afirm\u00f3 que los tres niveles de gobierno y los poderes del estado deben involucrarse en una sinergia que tenga el prop\u00f3sito de encontrar la mejor de las soluciones, ante el grav\u00edsimo problema de la basura en la entidad.<\/p>\n\n\n\n<p>A la vez que, denunci\u00f3 que unos cuantos tienen los controles de los desechos s\u00f3lidos y generan riqueza, prohijado por la Procuradur\u00eda de Protecci\u00f3n al Ambiente del Estado de M\u00e9xico (Propaem), autoridad que no cumple con su responsabilidad.<\/p>\n","protected":false},"excerpt":{"rendered":"<p>&#61692; Previsible tantos aspirantes a la posici&oacute;n de Coordinador de Comit&eacute;s de la 4T &#61692;&#8230;<\/p>\n","protected":false},"author":1,"featured_media":7604,"comment_status":"closed","ping_status":"closed","sticky":false,"template":"","format":"standard","meta":{"footnotes":""},"categories":[42],"tags":[],"class_list":["post-7603","post","type-post","status-publish","format-standard","has-post-thumbnail","hentry","category-legislatura-mexiquense-nueva-etapa"],"_links":{"self":[{"href":"https:\/\/www.notiflashmexiquense.com.mx\/index.php?rest_route=\/wp\/v2\/posts\/7603","targetHints":{"allow":["GET"]}}],"collection":[{"href":"https:\/\/www.notiflashmexiquense.com.mx\/index.php?rest_route=\/wp\/v2\/posts"}],"about":[{"href":"https:\/\/www.notiflashmexiquense.com.mx\/index.php?rest_route=\/wp\/v2\/types\/post"}],"author":[{"embeddable":true,"href":"https:\/\/www.notiflashmexiquense.com.mx\/index.php?rest_route=\/wp\/v2\/users\/1"}],"replies":[{"embeddable":true,"href":"https:\/\/www.notiflashmexiquense.com.mx\/index.php?rest_route=%2Fwp%2Fv2%2Fcomments&post=7603"}],"version-history":[{"count":1,"href":"https:\/\/www.notiflashmexiquense.com.mx\/index.php?rest_route=\/wp\/v2\/posts\/7603\/revisions"}],"predecessor-version":[{"id":7605,"href":"https:\/\/www.notiflashmexiquense.com.mx\/index.php?rest_route=\/wp\/v2\/posts\/7603\/revisions\/7605"}],"wp:featuredmedia":[{"embeddable":true,"href":"https:\/\/www.notiflashmexiquense.com.mx\/index.php?rest_route=\/wp\/v2\/media\/7604"}],"wp:attachment":[{"href":"https:\/\/www.notiflashmexiquense.com.mx\/index.php?rest_route=%2Fwp%2Fv2%2Fmedia&parent=7603"}],"wp:term":[{"taxonomy":"category","embeddable":true,"href":"https:\/\/www.notiflashmexiquense.com.mx\/index.php?rest_route=%2Fwp%2Fv2%2Fcategories&post=7603"},{"taxonomy":"post_tag","embeddable":true,"href":"https:\/\/www.notiflashmexiquense.com.mx\/index.php?rest_route=%2Fwp%2Fv2%2Ftags&post=7603"}],"curies":[{"name":"wp","href":"https:\/\/api.w.org\/{rel}","templated":true}]}}