{"id":7585,"date":"2022-07-11T23:16:17","date_gmt":"2022-07-11T23:16:17","guid":{"rendered":"https:\/\/www.notiflashmexiquense.com.mx\/?p=7585"},"modified":"2022-07-11T23:16:18","modified_gmt":"2022-07-11T23:16:18","slug":"atiende-director-de-oapas-a-autoridades-auxiliares-de-la-colonia-emiliano-zapata","status":"publish","type":"post","link":"https:\/\/www.notiflashmexiquense.com.mx\/?p=7585","title":{"rendered":"ATIENDE DIRECTOR DE OAPAS A AUTORIDADES \u00a0AUXILIARES DE LA COLONIA EMILIANO ZAPATA"},"content":{"rendered":"\n<ul class=\"wp-block-list\"><li>Vences Mejia, aclar\u00f3 que en Naucalpan se registra un bajo suministro de agua por parte de la CAEM.<\/li><\/ul>\n\n\n\n<ul class=\"wp-block-list\"><li>Los vecinos reconocieron que la escasez del vital l\u00edquido en la colonia Emiliano Zapata no comenz\u00f3 en esta administraci\u00f3n.<\/li><\/ul>\n\n\n\n<p>Aunado a los bajos niveles de almacenamiento de las presas que abastecen al Cutzamala, Naucalpan comparte con 20 millones m\u00e1s de habitantes su caudal, lo que ha provocado que la CAEM disminuya el suministro a este municipio, afectando a varias colonias, entre ellas la Emiliano Zapata, San Rafael Chamapa 1\u00aa y 2\u00aa secci\u00f3n, Balcones de San Mateo, Misiones, San Mateo Nopala, entre muchas otras.<\/p>\n\n\n\n<p>Ante la significativa reducci\u00f3n en el abasto de agua potable de parte de la Comisi\u00f3n del Agua del Estado de M\u00e9xico, OAPAS ha puesto en marcha un plan emergente de distribuci\u00f3n a trav\u00e9s de pipas; sin embargo, reconoci\u00f3, Alejandro Vences Mejia, director general del organismo, \u201cesa no es la soluci\u00f3n que a largo plazo se requiere, ya que, adem\u00e1s de ser temporal no se cuenta con suficientes unidades para abarcar todas las zonas donde existen reportes de escasez\u201d.<\/p>\n\n\n\n<p>Al reunirse con autoridades auxiliares de la colonia Emiliano Zapata, les explic\u00f3 que el nivel de los tanques de abastecimiento es resultado del bajo caudal en bloque que suministra la CAEM, por lo que se estudian otras alternativas para solucionar el problema.<\/p>\n\n\n\n<p>Les invit\u00f3 a trabajar de manera coordinada y les record\u00f3 que es compromiso de esta administraci\u00f3n responder a las demandas de los vecinos naucalpenses, por lo que se les apoyar\u00e1 con el env\u00edo de 8 pipas diarias en dos viajes para llenar tinacos de no m\u00e1s de mil 100 litros, con lo que podr\u00e1n enfrentar la falta del recurso h\u00eddrico en lo que se regulariza la situaci\u00f3n.<\/p>\n\n\n\n<p>Mencion\u00f3 que los vecinos que el domingo pasado cerraron vialidades y los de la parte baja de la colonia Emiliano Zapata, cuentan con el abastecimiento; el mayor problema, dijo, se registra en la parte alta donde la baja presi\u00f3n provoca que no suba el l\u00edquido.<\/p>\n\n\n\n<p>Acompa\u00f1ado por el secretario t\u00e9cnico, Eduardo Mangas; el director de Construcci\u00f3n y Operaci\u00f3n Hidr\u00e1ulica, Antonio Guti\u00e9rrez Marcos y el gerente de Operaci\u00f3n Hidr\u00e1ulica, Octavio Ya\u00f1ez Tenorio, el director general del organismo reiter\u00f3 que el abastecimiento del agua por las redes de distribuci\u00f3n ser\u00e1 intermitente, por lo que recomend\u00f3 a los habitantes a tomarlo en cuenta y no desperdiciarla.<\/p>\n\n\n\n<p>Por su parte, los vecinos aclararon que los problemas que enfrentan actualmente en el suministro de agua potable no comenzaron en esta administraci\u00f3n, \u201clos venimos padeciendo desde hace a\u00f1os\u201d, concluyeron.<\/p>\n","protected":false},"excerpt":{"rendered":"<p>Vences Mejia, aclar&oacute; que en Naucalpan se registra un bajo suministro de agua por parte&#8230;<\/p>\n","protected":false},"author":1,"featured_media":7586,"comment_status":"closed","ping_status":"closed","sticky":false,"template":"","format":"standard","meta":{"footnotes":""},"categories":[45],"tags":[],"class_list":["post-7585","post","type-post","status-publish","format-standard","has-post-thumbnail","hentry","category-atizapan-de-zaragoza"],"_links":{"self":[{"href":"https:\/\/www.notiflashmexiquense.com.mx\/index.php?rest_route=\/wp\/v2\/posts\/7585","targetHints":{"allow":["GET"]}}],"collection":[{"href":"https:\/\/www.notiflashmexiquense.com.mx\/index.php?rest_route=\/wp\/v2\/posts"}],"about":[{"href":"https:\/\/www.notiflashmexiquense.com.mx\/index.php?rest_route=\/wp\/v2\/types\/post"}],"author":[{"embeddable":true,"href":"https:\/\/www.notiflashmexiquense.com.mx\/index.php?rest_route=\/wp\/v2\/users\/1"}],"replies":[{"embeddable":true,"href":"https:\/\/www.notiflashmexiquense.com.mx\/index.php?rest_route=%2Fwp%2Fv2%2Fcomments&post=7585"}],"version-history":[{"count":1,"href":"https:\/\/www.notiflashmexiquense.com.mx\/index.php?rest_route=\/wp\/v2\/posts\/7585\/revisions"}],"predecessor-version":[{"id":7587,"href":"https:\/\/www.notiflashmexiquense.com.mx\/index.php?rest_route=\/wp\/v2\/posts\/7585\/revisions\/7587"}],"wp:featuredmedia":[{"embeddable":true,"href":"https:\/\/www.notiflashmexiquense.com.mx\/index.php?rest_route=\/wp\/v2\/media\/7586"}],"wp:attachment":[{"href":"https:\/\/www.notiflashmexiquense.com.mx\/index.php?rest_route=%2Fwp%2Fv2%2Fmedia&parent=7585"}],"wp:term":[{"taxonomy":"category","embeddable":true,"href":"https:\/\/www.notiflashmexiquense.com.mx\/index.php?rest_route=%2Fwp%2Fv2%2Fcategories&post=7585"},{"taxonomy":"post_tag","embeddable":true,"href":"https:\/\/www.notiflashmexiquense.com.mx\/index.php?rest_route=%2Fwp%2Fv2%2Ftags&post=7585"}],"curies":[{"name":"wp","href":"https:\/\/api.w.org\/{rel}","templated":true}]}}