{"id":7582,"date":"2022-07-11T22:49:06","date_gmt":"2022-07-11T22:49:06","guid":{"rendered":"https:\/\/www.notiflashmexiquense.com.mx\/?p=7582"},"modified":"2022-07-11T22:49:07","modified_gmt":"2022-07-11T22:49:07","slug":"remozan-calles-en-el-mirador-y-las-americas-para-fortalecer-la-seguridad","status":"publish","type":"post","link":"https:\/\/www.notiflashmexiquense.com.mx\/?p=7582","title":{"rendered":"REMOZAN CALLES EN EL MIRADOR Y LAS AM\u00c9RICAS PARA FORTALECER LA SEGURIDAD"},"content":{"rendered":"\n<p>El gobierno de Naucalpan puso en marcha el programa Movilidad Segura, mediante el cual se remozan calles de comunidades del municipio para garantizar que los vecinos realicen sus recorridos sin incidentes durante sus actividades cotidianas, como acudir a la escuela, mercados o centros laborales.<\/p>\n\n\n\n<p>\u201cDesde hace tres administraciones no se nos hac\u00eda caso, es un buen gesto que estas autoridades se acerquen, es una comunicaci\u00f3n directa para que conozcan la problem\u00e1tica f\u00edsicamente\u201d, expres\u00f3 Jos\u00e9 Casas Rodr\u00edguez, secretario del Consejo de Participaci\u00f3n Ciudadana (Copaci) del fraccionamiento El Mirador, durante un recorrido que efectu\u00f3 la alcaldesa Ang\u00e9lica Moya Mar\u00edn para platicar del proyecto.&nbsp;<\/p>\n\n\n\n<p>Acompa\u00f1aban a la edil, directores y vecinos de esta comunidad y del fraccionamiento Las Am\u00e9ricas, donde tambi\u00e9n se implementar\u00e1 inicialmente dicho programa que beneficiar\u00e1 a habitantes de ocho comunidades, entre ellas Benito Ju\u00e1rez, La Alte\u00f1a, Ciudad Sat\u00e9lite y Lomas Verdes Primera, Segunda y Tercera Secci\u00f3n, de acuerdo con Cyntia Jurado Guti\u00e9rrez, directora general de Obras P\u00fablicas de Naucalpan.<\/p>\n\n\n\n<p>\u201cLa intenci\u00f3n es que los vecinos de Las Am\u00e9ricas y El Mirador puedan caminar de manera segura hacia los parques, escuelas, incluso en esta avenida principal, avenida M\u00e9xico, puedan compartir con los comercios las banquetas, que tengan rampas de seguridad, bolardos en donde puedan delimitar y puedan cruzar los ni\u00f1os, los ancianos, las mujeres embarazadas\u201d, dijo.<\/p>\n\n\n\n<p>Expres\u00f3 que en las calles m\u00e1s transitadas se efectuar\u00e1 bacheo, sustituci\u00f3n de luminarias, adecuaciones en rampas para personas con alguna discapacidad, limpieza de parques, desazolve del drenaje, poda de arbolado, jardiner\u00eda, reconstrucci\u00f3n de guarniciones y banquetas da\u00f1adas, as\u00ed como reparaci\u00f3n de fugas de agua potable, entre otras acciones.<\/p>\n\n\n\n<p>Moya Mar\u00edn inici\u00f3 el recorrido en calle Valle de Jilotepec, en El Mirador, donde ser\u00e1 remozado el arco de acceso a esta comunidad, el cual presenta da\u00f1os por impacto de un veh\u00edculo pesado, aunque su estructura no fue afectada; en calle Valle de Sol\u00eds ser\u00e1 rehabilitada la carpeta asf\u00e1ltica, que se est\u00e1 desmoronando.<\/p>\n\n\n\n<p>\u201cAng\u00e9lica, viniste a visitarnos, \u00a1qu\u00e9 bueno!\u201d, exclam\u00f3 Julieta Camacho R\u00edos, habitante de calle Lerma, de El Mirador, quien se sorprendi\u00f3 con la visita de la presidenta municipal a su comunidad.<\/p>\n\n\n\n<p>En Las Am\u00e9ricas Moya Mar\u00edn recorri\u00f3 con vecinos el parque Toronto, ubicado en la calle del mismo nombre, al que se dar\u00e1 mantenimiento integral, ya que es paso diario de cientos de habitantes.<\/p>\n\n\n\n<p>La edil camin\u00f3 por las calles Valle de Bravo y El Salvador, as\u00ed como por avenida M\u00e9xico, donde escuch\u00f3 las peticiones de dirigentes vecinales, entre ellos Guadalupe Casas Rodr\u00edguez, presidenta del Copaci, y Ram\u00f3n D\u00edaz Ortiz, subdelegado, ambos de Las Am\u00e9ricas.<\/p>\n\n\n\n<p>Jurado Guti\u00e9rrez detall\u00f3 que para remozar las calles de El Mirador y Las Am\u00e9ricas el gobierno municipal invertir\u00e1 alrededor de 1.25 millones de pesos, y en el transcurso del a\u00f1o acudir\u00e1n con este programa a otras comunidades del municipio.<\/p>\n","protected":false},"excerpt":{"rendered":"<p>El gobierno de Naucalpan puso en marcha el programa Movilidad Segura, mediante el cual se&#8230;<\/p>\n","protected":false},"author":1,"featured_media":7583,"comment_status":"closed","ping_status":"closed","sticky":false,"template":"","format":"standard","meta":{"footnotes":""},"categories":[45],"tags":[],"class_list":["post-7582","post","type-post","status-publish","format-standard","has-post-thumbnail","hentry","category-atizapan-de-zaragoza"],"_links":{"self":[{"href":"https:\/\/www.notiflashmexiquense.com.mx\/index.php?rest_route=\/wp\/v2\/posts\/7582","targetHints":{"allow":["GET"]}}],"collection":[{"href":"https:\/\/www.notiflashmexiquense.com.mx\/index.php?rest_route=\/wp\/v2\/posts"}],"about":[{"href":"https:\/\/www.notiflashmexiquense.com.mx\/index.php?rest_route=\/wp\/v2\/types\/post"}],"author":[{"embeddable":true,"href":"https:\/\/www.notiflashmexiquense.com.mx\/index.php?rest_route=\/wp\/v2\/users\/1"}],"replies":[{"embeddable":true,"href":"https:\/\/www.notiflashmexiquense.com.mx\/index.php?rest_route=%2Fwp%2Fv2%2Fcomments&post=7582"}],"version-history":[{"count":1,"href":"https:\/\/www.notiflashmexiquense.com.mx\/index.php?rest_route=\/wp\/v2\/posts\/7582\/revisions"}],"predecessor-version":[{"id":7584,"href":"https:\/\/www.notiflashmexiquense.com.mx\/index.php?rest_route=\/wp\/v2\/posts\/7582\/revisions\/7584"}],"wp:featuredmedia":[{"embeddable":true,"href":"https:\/\/www.notiflashmexiquense.com.mx\/index.php?rest_route=\/wp\/v2\/media\/7583"}],"wp:attachment":[{"href":"https:\/\/www.notiflashmexiquense.com.mx\/index.php?rest_route=%2Fwp%2Fv2%2Fmedia&parent=7582"}],"wp:term":[{"taxonomy":"category","embeddable":true,"href":"https:\/\/www.notiflashmexiquense.com.mx\/index.php?rest_route=%2Fwp%2Fv2%2Fcategories&post=7582"},{"taxonomy":"post_tag","embeddable":true,"href":"https:\/\/www.notiflashmexiquense.com.mx\/index.php?rest_route=%2Fwp%2Fv2%2Ftags&post=7582"}],"curies":[{"name":"wp","href":"https:\/\/api.w.org\/{rel}","templated":true}]}}