{"id":7571,"date":"2022-07-10T21:50:11","date_gmt":"2022-07-10T21:50:11","guid":{"rendered":"https:\/\/www.notiflashmexiquense.com.mx\/?p=7571"},"modified":"2022-07-10T21:50:12","modified_gmt":"2022-07-10T21:50:12","slug":"pedro-rodriguez-da-inicio-a-la-repavimentacion-de-la-avenida-ruiz-cortines","status":"publish","type":"post","link":"https:\/\/www.notiflashmexiquense.com.mx\/?p=7571","title":{"rendered":"PEDRO RODR\u00cdGUEZ DA INICIO A LA REPAVIMENTACI\u00d3N DE LA AVENIDA RUIZ CORTINES"},"content":{"rendered":"\n<p>El Presidente Municipal de Atizap\u00e1n de Zaragoza, Pedro Rodr\u00edguez Villegas, dio el banderazo de inicio de obra de la rehabilitaci\u00f3n con concreto asf\u00e1ltico de la Avenida Adolfo Ruiz Cortines en el tramo que va de Plaza Galer\u00edas al Bulevar Adolfo L\u00f3pez Mateos, en la Colonia Lomas de Atizap\u00e1n.<\/p>\n\n\n\n<p>Se estima que en aproximadamente 70 d\u00edas, bajo la supervisi\u00f3n de la Direcci\u00f3n de Obras P\u00fablicas, se reacondicionar\u00e1n poco m\u00e1s de 4 mil metros lineales, unos 78 mil 839 metros cuadrados, con una m\u00e1quina fresadora y tambi\u00e9n se colocar\u00e1 pavimento de concreto asf\u00e1ltico de 7 cent\u00edmetros, adem\u00e1s de que se har\u00e1 la reparaci\u00f3n de banquetas y guarniciones, entre otras adecuaciones.<\/p>\n\n\n\n<p>Lo anterior forma parte de los aproximadamente 800 millones de pesos que se destinaron a obras p\u00fablicas municipales, de los cuales, seg\u00fan apunt\u00f3 el Alcalde, se lleva un estimado del 30 por ciento invertido en la rehabilitaci\u00f3n de diversos espacios como el acceso al Parque de Los Ciervos y la V\u00eda Dr. Jorge Jim\u00e9nez Cant\u00fa, que ahora cuentan con concreto asf\u00e1ltico renovado, entre otros.<\/p>\n\n\n\n<p>\u201cNo queremos ser un gobierno m\u00e1s, un gobierno gris y que al final del d\u00eda los contribuyentes se pregunten d\u00f3nde quedaron los impuestos que pagaron. Hoy estamos dando arranque a una obra muy importante para los atizapenses y para los vecinos de otros municipios.<\/p>\n\n\n\n<p>\u201cEs una obra que ya hac\u00eda mucha falta, ten\u00eda muchos a\u00f1os que no se realizaban este tipo de trabajos, es una vialidad que tiene mucho movimiento y que dar\u00e1 servicio y la oportunidad de que podamos circular por ella en mejores condiciones, cuidar nuestros veh\u00edculos y que sea digna de Atizap\u00e1n de Zaragoza\u201d, destac\u00f3 Rodr\u00edguez Villegas.<\/p>\n\n\n\n<p>Dijo que para afectar lo menos posible a la poblaci\u00f3n se trabajar\u00e1 de las 10 de la noche a las 5 de la ma\u00f1ana durante poco m\u00e1s de dos meses en una obra que se realizar\u00e1 con una inversi\u00f3n cien por ciento municipal. Tambi\u00e9n agreg\u00f3 que se trabajar\u00e1 en diferentes puntos para llevar a cabo diversas obras de infraestructura.<\/p>\n\n\n\n<p>El Presidente Municipal, Pedro Rodr\u00edguez Villegas, adelant\u00f3 que la pr\u00f3xima semana se comenzar\u00e1n los trabajos en el deprimido o paso a desnivel en Chiluca, y para el pr\u00f3ximo mes el puente en Lomas de la Hacienda, a la altura del Campanario, donde concluye la Avenida Lomas de la Hacienda y el Bulevar Ignacio Zaragoza.<\/p>\n\n\n\n<p>Por su parte, el Director de Obras P\u00fablicas, Edgar David V\u00e1zquez Molina, agreg\u00f3 que en la rehabilitaci\u00f3n de la Avenida Adolfo Ruiz Cortines tambi\u00e9n se realizar\u00e1n trabajos de reparaci\u00f3n de guarniciones y banqueta, se construir\u00e1n reductores de velocidad, as\u00ed como la renivelaci\u00f3n de brocales y pozos de visita, y de colocar\u00e1 se\u00f1alizaci\u00f3n vial.<\/p>\n\n\n\n<p>Al evento acudieron diversos directores de \u00e1rea, la s\u00edndica y s\u00edndico, regidoras y regidores, as\u00ed como vecinos de diferentes colonias para dar inicio a la obra que se calcula brindar\u00e1 servicio a m\u00e1s de cien mil personas diariamente.<\/p>\n","protected":false},"excerpt":{"rendered":"<p>El Presidente Municipal de Atizap&aacute;n de Zaragoza, Pedro Rodr&iacute;guez Villegas, dio el banderazo de inicio&#8230;<\/p>\n","protected":false},"author":1,"featured_media":7572,"comment_status":"closed","ping_status":"closed","sticky":false,"template":"","format":"standard","meta":{"footnotes":""},"categories":[45],"tags":[],"class_list":["post-7571","post","type-post","status-publish","format-standard","has-post-thumbnail","hentry","category-atizapan-de-zaragoza"],"_links":{"self":[{"href":"https:\/\/www.notiflashmexiquense.com.mx\/index.php?rest_route=\/wp\/v2\/posts\/7571","targetHints":{"allow":["GET"]}}],"collection":[{"href":"https:\/\/www.notiflashmexiquense.com.mx\/index.php?rest_route=\/wp\/v2\/posts"}],"about":[{"href":"https:\/\/www.notiflashmexiquense.com.mx\/index.php?rest_route=\/wp\/v2\/types\/post"}],"author":[{"embeddable":true,"href":"https:\/\/www.notiflashmexiquense.com.mx\/index.php?rest_route=\/wp\/v2\/users\/1"}],"replies":[{"embeddable":true,"href":"https:\/\/www.notiflashmexiquense.com.mx\/index.php?rest_route=%2Fwp%2Fv2%2Fcomments&post=7571"}],"version-history":[{"count":1,"href":"https:\/\/www.notiflashmexiquense.com.mx\/index.php?rest_route=\/wp\/v2\/posts\/7571\/revisions"}],"predecessor-version":[{"id":7573,"href":"https:\/\/www.notiflashmexiquense.com.mx\/index.php?rest_route=\/wp\/v2\/posts\/7571\/revisions\/7573"}],"wp:featuredmedia":[{"embeddable":true,"href":"https:\/\/www.notiflashmexiquense.com.mx\/index.php?rest_route=\/wp\/v2\/media\/7572"}],"wp:attachment":[{"href":"https:\/\/www.notiflashmexiquense.com.mx\/index.php?rest_route=%2Fwp%2Fv2%2Fmedia&parent=7571"}],"wp:term":[{"taxonomy":"category","embeddable":true,"href":"https:\/\/www.notiflashmexiquense.com.mx\/index.php?rest_route=%2Fwp%2Fv2%2Fcategories&post=7571"},{"taxonomy":"post_tag","embeddable":true,"href":"https:\/\/www.notiflashmexiquense.com.mx\/index.php?rest_route=%2Fwp%2Fv2%2Ftags&post=7571"}],"curies":[{"name":"wp","href":"https:\/\/api.w.org\/{rel}","templated":true}]}}