{"id":7562,"date":"2022-07-10T20:26:39","date_gmt":"2022-07-10T20:26:39","guid":{"rendered":"https:\/\/www.notiflashmexiquense.com.mx\/?p=7562"},"modified":"2022-07-10T20:26:40","modified_gmt":"2022-07-10T20:26:40","slug":"finaliza-registro-de-aspirantes-a-la-coordinacion-de-los-comites-de-defensa-de-la-4t-en-edomex","status":"publish","type":"post","link":"https:\/\/www.notiflashmexiquense.com.mx\/?p=7562","title":{"rendered":"Finaliza registro de aspirantes a la Coordinaci\u00f3n de los Comit\u00e9s de Defensa de la 4T en Edomex"},"content":{"rendered":"\n<p>Ciudad de M\u00e9xico, a 11 de julio de 2022. Con un total de 67 aspirantes, de los cuales 17 son mujeres y 50 son hombres, concluy\u00f3 el registro de aspirantes a la Coordinaci\u00f3n de los Comit\u00e9s de Defensa de la Cuarta Transformaci\u00f3n en el Estado de M\u00e9xico, en un proceso realizado de manera digital el 7 y 8 de julio.<\/p>\n\n\n\n<p>Entre los principales personajes registrados son el senador Higinio Mart\u00ednez Miranda; el director de Aduanas, Horacio Duarte; la alcaldesa de Tec\u00e1mac, Mariela Guti\u00e9rrez; el edil de Ecatepec con licencia, Fernando Vilchis; el alcalde de Nicol\u00e1s Romero, Armando Navarrete; el director del ISSSTE, Pedro Zenteno; el expresidente de Nezahualc\u00f3yotl, Juan Hugo de la Rosa, y el actual alcalde, Adolfo Cerqueda.<\/p>\n\n\n\n<p>En los pr\u00f3ximos d\u00edas la Comisi\u00f3n Nacional de Elecciones revisar\u00e1 las solicitudes, valorar\u00e1 y calificar\u00e1 los perfiles de los aspirantes. Posteriormente, a m\u00e1s tardar el 10 de agosto dar\u00e1 a conocer las solicitudes aprobadas y notificar\u00e1 a cada uno de los aspirantes.<\/p>\n\n\n\n<p>La persona que resulte seleccionada para coordinar los Comit\u00e9s en el Estado de M\u00e9xico, deber\u00e1 estar comprometida con la Cuarta Transformaci\u00f3n, con la ciudadan\u00eda y el avance del proyecto de naci\u00f3n; con el combate al r\u00e9gimen de corrupci\u00f3n y privilegios del pasado, con la difusi\u00f3n de informaci\u00f3n y an\u00e1lisis de los principales problemas nacionales y del estado; as\u00ed como con caminar los pueblos, barrios, colonias y tocar todas las puertas para cumplir con los objetivos de organizaci\u00f3n del partido.<\/p>\n\n\n\n<p>El coordinador estatal deber\u00e1 conformar los comit\u00e9s en cada secci\u00f3n electoral como base de la organizaci\u00f3n interna del partido, y deber\u00e1 contar con aceptaci\u00f3n, cercan\u00eda y reconocimiento popular, y deber\u00e1 ser una persona honesta y de inobjetable trayectoria.<\/p>\n","protected":false},"excerpt":{"rendered":"<p>Ciudad de M&eacute;xico, a 11 de julio de 2022. Con un total de 67 aspirantes,&#8230;<\/p>\n","protected":false},"author":1,"featured_media":7563,"comment_status":"closed","ping_status":"closed","sticky":false,"template":"","format":"standard","meta":{"footnotes":""},"categories":[1],"tags":[],"class_list":["post-7562","post","type-post","status-publish","format-standard","has-post-thumbnail","hentry","category-noticias"],"_links":{"self":[{"href":"https:\/\/www.notiflashmexiquense.com.mx\/index.php?rest_route=\/wp\/v2\/posts\/7562","targetHints":{"allow":["GET"]}}],"collection":[{"href":"https:\/\/www.notiflashmexiquense.com.mx\/index.php?rest_route=\/wp\/v2\/posts"}],"about":[{"href":"https:\/\/www.notiflashmexiquense.com.mx\/index.php?rest_route=\/wp\/v2\/types\/post"}],"author":[{"embeddable":true,"href":"https:\/\/www.notiflashmexiquense.com.mx\/index.php?rest_route=\/wp\/v2\/users\/1"}],"replies":[{"embeddable":true,"href":"https:\/\/www.notiflashmexiquense.com.mx\/index.php?rest_route=%2Fwp%2Fv2%2Fcomments&post=7562"}],"version-history":[{"count":1,"href":"https:\/\/www.notiflashmexiquense.com.mx\/index.php?rest_route=\/wp\/v2\/posts\/7562\/revisions"}],"predecessor-version":[{"id":7564,"href":"https:\/\/www.notiflashmexiquense.com.mx\/index.php?rest_route=\/wp\/v2\/posts\/7562\/revisions\/7564"}],"wp:featuredmedia":[{"embeddable":true,"href":"https:\/\/www.notiflashmexiquense.com.mx\/index.php?rest_route=\/wp\/v2\/media\/7563"}],"wp:attachment":[{"href":"https:\/\/www.notiflashmexiquense.com.mx\/index.php?rest_route=%2Fwp%2Fv2%2Fmedia&parent=7562"}],"wp:term":[{"taxonomy":"category","embeddable":true,"href":"https:\/\/www.notiflashmexiquense.com.mx\/index.php?rest_route=%2Fwp%2Fv2%2Fcategories&post=7562"},{"taxonomy":"post_tag","embeddable":true,"href":"https:\/\/www.notiflashmexiquense.com.mx\/index.php?rest_route=%2Fwp%2Fv2%2Ftags&post=7562"}],"curies":[{"name":"wp","href":"https:\/\/api.w.org\/{rel}","templated":true}]}}