{"id":7559,"date":"2022-07-10T20:12:51","date_gmt":"2022-07-10T20:12:51","guid":{"rendered":"https:\/\/www.notiflashmexiquense.com.mx\/?p=7559"},"modified":"2022-07-10T20:12:52","modified_gmt":"2022-07-10T20:12:52","slug":"tony-rodriguez-dio-inicio-a-los-trabajos-de-remodelacion-de-la-casa-de-descanso-para-adultos-mayores","status":"publish","type":"post","link":"https:\/\/www.notiflashmexiquense.com.mx\/?p=7559","title":{"rendered":"TONY RODR\u00cdGUEZ DIO INICIO A LOS TRABAJOS DE REMODELACI\u00d3N DE LA CASA DE DESCANSO PARA ADULTOS MAYORES"},"content":{"rendered":"\n<p>\u25cf Se rehabilitar\u00e1 de manera integral este espacio, as\u00ed como la alberca ol\u00edmpica del Parque Cri-Cri<br>\u25cf Adem\u00e1s inaugur\u00f3 la repavimentaci\u00f3n de una calle en San Jos\u00e9 Ixhuatepec y dio el banderazo de inicio de obra en la L\u00e1zaro C\u00e1rdenas 3\u00aa Secci\u00f3n<\/p>\n\n\n\n<p><em>Tlalnepantla de Baz, Estado de M\u00e9xico, a 10 de julio de 2022<\/em>.- Para beneficio de uno de los sectores m\u00e1s vulnerables de la sociedad, el Presidente Municipal, Marco Antonio Rodr\u00edguez Hurtado, dio inicio a los trabajos de remodelaci\u00f3n de la Casa de Descanso para Adultos Mayores \u00abKarol Wojtyla\u00bb, obra que tambi\u00e9n comprende la rehabilitaci\u00f3n y techado de la alberca ol\u00edmpica del Parque Cri-Cri, espacios de esparcimiento que ser\u00e1n intervenidos para comodidad de los tlalnepantlenses.<\/p>\n\n\n\n<p>Acompa\u00f1ado de la Presidenta Honoraria del Sistema Municipal DIF, Mar\u00eda G\u00f3mez Mart\u00ednez, el Alcalde puntualiz\u00f3 que el objetivo de los trabajos que se realizar\u00e1n en el marco del 18 aniversario de esta casa de descanso, ubicada en la Zona Oriente del municipio, es dignificar las condiciones en las que los adultos mayores se desenvuelven, ya que \u00e9ste es un espacio al que acuden para entretenerse y convivir.<\/p>\n\n\n\n<p>Adelant\u00f3 que la inversi\u00f3n que se ejecutar\u00e1 en la rehabilitaci\u00f3n es parte del compromiso que las empresas tienen con el municipio, derivado de los desarrollos inmobiliarios que aqu\u00ed se asientan, por lo que se determin\u00f3 que la inversi\u00f3n se aplicara en estas instalaciones.<\/p>\n\n\n\n<p>Detall\u00f3 que la Casa de Descanso \u00abKarol Wojtyla\u00bb conservar\u00e1 cada una de las \u00e1reas que actualmente tiene, como lo son: comedor, sala de entretenimiento, de descanso, de artes marciales, de manualidades, estudio y el resto de espacio, todos ellos ser\u00e1n dignificados.<\/p>\n\n\n\n<p>\u00abQueremos que todas la acciones que este gobierno lleve a cabo sean para bien de la poblaci\u00f3n y, en este caso, de nuestras personas de la tercera edad, por ello seguiremos trabajando intensamente en programas y pol\u00edticas p\u00fablicas que coadyuven a elevar la calidad de vida de los ciudadanos\u00bb, refiri\u00f3 el Alcalde.<\/p>\n\n\n\n<p>Anunci\u00f3 que una vez que sea reabierta esta casa, el Sistema DIF local calendarizar\u00e1 la visita de los grupos de la tercera edad, a quienes se les apoyar\u00e1 con transporte para trasladarse hasta estas instalaciones y que no pongan en riesgo su integridad f\u00edsica.<\/p>\n\n\n\n<p>Sobre los trabajos a realizarse, la titular de Desarrollo Urbano, Erika Rosaura L\u00f3pez Ju\u00e1rez, detall\u00f3 que se prev\u00e9 intervenir una superficie total de siete mil 250 metros cuadrados, cuatro mil 550 correspondientes a la alberca y dos mil 700 a la casa, con un presupuesto de 18 millones 153 mil 673 pesos, donados por la desarrolladora Eclo de Grupo Carso.<\/p>\n\n\n\n<p>En esta gira de trabajo, el Presidente Municipal inaugur\u00f3 la repavimentaci\u00f3n con concreto hidr\u00e1ulico de dos mil 370 metros cuadrados dr la calle Argentina, en San Jos\u00e9 Ixhuatepec, en donde tambi\u00e9n se construyeron 582 metros cuadrados de banqueta y 508 metros lineales de guarnici\u00f3n, para lo cual se destin\u00f3 un presupuesto de cuatro millones 488 mil 736 pesos.<\/p>\n\n\n\n<p>Asimismo, dio el banderazo a la maquinaria que trabajar\u00e1 en la repavimentaci\u00f3n de la calle Asociaci\u00f3n Mexicana de Excursionismo, en la colonia Lazaro C\u00e1rdenas 3\u00aa Secci\u00f3n, obra en la que con una inversi\u00f3n de siete millones 369 mil 389 pesos se construir\u00e1 una carpeta de concreto hidr\u00e1ulico de tres mil 394 metros cuadrados y 599 metros cuadrados de banqueta. Cabe se\u00f1alar que en todos los trabajos de rehabilitaci\u00f3n de vialidades, el Organismo P\u00fablico Descentralizado Municipal del Agua (OPDM) realiza labores de supervisi\u00f3n y en su caso rehabilitaci\u00f3n de la red hidr\u00e1ulica para garantizar que sean obras de calidad y duraderas.<\/p>\n","protected":false},"excerpt":{"rendered":"<p>&#9679; Se rehabilitar&aacute; de manera integral este espacio, as&iacute; como la alberca ol&iacute;mpica del Parque&#8230;<\/p>\n","protected":false},"author":1,"featured_media":7560,"comment_status":"closed","ping_status":"closed","sticky":false,"template":"","format":"standard","meta":{"footnotes":""},"categories":[45],"tags":[],"class_list":["post-7559","post","type-post","status-publish","format-standard","has-post-thumbnail","hentry","category-atizapan-de-zaragoza"],"_links":{"self":[{"href":"https:\/\/www.notiflashmexiquense.com.mx\/index.php?rest_route=\/wp\/v2\/posts\/7559","targetHints":{"allow":["GET"]}}],"collection":[{"href":"https:\/\/www.notiflashmexiquense.com.mx\/index.php?rest_route=\/wp\/v2\/posts"}],"about":[{"href":"https:\/\/www.notiflashmexiquense.com.mx\/index.php?rest_route=\/wp\/v2\/types\/post"}],"author":[{"embeddable":true,"href":"https:\/\/www.notiflashmexiquense.com.mx\/index.php?rest_route=\/wp\/v2\/users\/1"}],"replies":[{"embeddable":true,"href":"https:\/\/www.notiflashmexiquense.com.mx\/index.php?rest_route=%2Fwp%2Fv2%2Fcomments&post=7559"}],"version-history":[{"count":1,"href":"https:\/\/www.notiflashmexiquense.com.mx\/index.php?rest_route=\/wp\/v2\/posts\/7559\/revisions"}],"predecessor-version":[{"id":7561,"href":"https:\/\/www.notiflashmexiquense.com.mx\/index.php?rest_route=\/wp\/v2\/posts\/7559\/revisions\/7561"}],"wp:featuredmedia":[{"embeddable":true,"href":"https:\/\/www.notiflashmexiquense.com.mx\/index.php?rest_route=\/wp\/v2\/media\/7560"}],"wp:attachment":[{"href":"https:\/\/www.notiflashmexiquense.com.mx\/index.php?rest_route=%2Fwp%2Fv2%2Fmedia&parent=7559"}],"wp:term":[{"taxonomy":"category","embeddable":true,"href":"https:\/\/www.notiflashmexiquense.com.mx\/index.php?rest_route=%2Fwp%2Fv2%2Fcategories&post=7559"},{"taxonomy":"post_tag","embeddable":true,"href":"https:\/\/www.notiflashmexiquense.com.mx\/index.php?rest_route=%2Fwp%2Fv2%2Ftags&post=7559"}],"curies":[{"name":"wp","href":"https:\/\/api.w.org\/{rel}","templated":true}]}}