{"id":7505,"date":"2022-07-08T02:12:35","date_gmt":"2022-07-08T02:12:35","guid":{"rendered":"https:\/\/www.notiflashmexiquense.com.mx\/?p=7505"},"modified":"2022-07-08T02:12:37","modified_gmt":"2022-07-08T02:12:37","slug":"tlalnepantla-en-ruta-para-mitigar-efectos-del-cambio-climatico-mediante-rescate-de-areas-verdes","status":"publish","type":"post","link":"https:\/\/www.notiflashmexiquense.com.mx\/?p=7505","title":{"rendered":"TLALNEPANTLA EN RUTA PARA MITIGAR EFECTOS DEL CAMBIO CLIM\u00c1TICO, MEDIANTE RESCATE DE \u00c1REAS VERDES"},"content":{"rendered":"\n<p>\u25cf Tony Rodr\u00edguez llama a la sociedad a cuidar la fauna y flora existente en el municipio<br>\u25cf Encabeza instalaci\u00f3n y toma de protesta del Consejo Municipal de Protecci\u00f3n a la Biodiversidad y Desarrollo Sustentable<br>\u25cf Gobierno del Estado de M\u00e9xico reconoce compromiso del Ayuntamiento por atender problem\u00e1tica ambiental<\/p>\n\n\n\n<p><em>Tlalnepantla de Baz, Estado de M\u00e9xico, a 07 de julio de 2022.-<\/em> Al instalar el Consejo Municipal de Protecci\u00f3n a la Biodiversidad y Desarrollo Sustentable (COMPROBIDES), el Alcalde Marco Antonio Rodr\u00edguez Hurtado asegur\u00f3 que Tlalnepantla tiene una ruta para rescatar las \u00e1reas verdes, la fauna y flora, as\u00ed como enfrentar los efectos del cambio clim\u00e1tico que afectan a la localidad.<\/p>\n\n\n\n<p>Luego de tomar protesta a Miriam Guadalupe Rodr\u00edguez Rosales como presidenta de COMPROBIDES, as\u00ed como a los vocales integrantes, Tony Rodr\u00edguez hizo un llamado a las autoridades de gobierno y sociedad a trabajar juntos para cuidar \u201clo poco que tenemos\u201d de las \u00e1reas verdes en el municipio.<\/p>\n\n\n\n<p>\u201cHoy nuestro medio ambiente cada vez est\u00e1 menos predecible; hoy las lluvias, las granizadas, el tema de las trombas en general, viene y obedece al calentamiento global. Nosotros en Tlalnepantla, a partir de la experiencia, tenemos trazada una ruta, primero en rescatar los espacios, pocos que tenemos, y darles vida\u201d, dijo.<\/p>\n\n\n\n<p>Rodr\u00edguez Hurtado dio a conocer algunas acciones que emprender\u00e1 su gobierno para atender la problem\u00e1tica del medio ambiente, como iniciar la poda de 13 mil \u00e1rboles en el municipio, e incluso algunos ser\u00e1n derribados por infecci\u00f3n de mu\u00e9rdago, los cuales ser\u00e1n sustituidos.<\/p>\n\n\n\n<p>Adem\u00e1s, se elabora un inventario de las emisiones de gases de efecto invernadero; la creaci\u00f3n de un Atlas de Riesgo de las zonas vulnerables del municipio, principalmente en la zona oriente; educaci\u00f3n ambiental, as\u00ed como la reparaci\u00f3n de paneles solares.<\/p>\n\n\n\n<p>Abraham Nemer Vel\u00e1zquez, Director de Concertaci\u00f3n y Participaci\u00f3n Ciudadana, en representaci\u00f3n de Jorge Rescala, Secretario del Medio Ambiente del Gobierno mexiquense, reconoci\u00f3 a las autoridades municipales por el compromiso de atender la problem\u00e1tica ambiental.<\/p>\n\n\n\n<p>\u201cSolamente a trav\u00e9s de la participaci\u00f3n activa de la ciudadan\u00eda, podemos lograr cambios que permitan la preservaci\u00f3n de nuestros recursos naturales y, sobre todo, fomenten la conciencia y la educaci\u00f3n ambiental en todas las esferas de la sociedad\u201d, subray\u00f3.<\/p>\n\n\n\n<p>Por su parte, Daniel Arreola, Director de Sustentabilidad Ambiental de Tlalnepantla, present\u00f3 el plan de actividades en esta materia, como el manejo fitosanitario de la plaga del mu\u00e9rdago en el fraccionamiento Valle Dorado con la participaci\u00f3n de alumnos del Instituto Polit\u00e9cnico Nacional (IPN).<\/p>\n\n\n\n<p>Tambi\u00e9n se pondr\u00e1n en marcha los programas insignia de este gobierno, como la campa\u00f1a municipal de reforestaci\u00f3n, el 16 de julio pr\u00f3ximo; la instalaci\u00f3n del Programa de Orden Ecol\u00f3gico; promover el ajolotario con recorridos de alumnos de diversas escuelas.<\/p>\n\n\n\n<p>A su vez, Miriam Rodr\u00edguez, presidenta del COMPROBIDES, convoc\u00f3 a gobierno y sociedad a trabajar en la generaci\u00f3n de pol\u00edticas p\u00fablicas para rescatar el medio ambiente ante los efectos del cambio clim\u00e1tico.<\/p>\n","protected":false},"excerpt":{"rendered":"<p>&#9679; Tony Rodr&iacute;guez llama a la sociedad a cuidar la fauna y flora existente en&#8230;<\/p>\n","protected":false},"author":1,"featured_media":7506,"comment_status":"closed","ping_status":"closed","sticky":false,"template":"","format":"standard","meta":{"footnotes":""},"categories":[45],"tags":[],"class_list":["post-7505","post","type-post","status-publish","format-standard","has-post-thumbnail","hentry","category-atizapan-de-zaragoza"],"_links":{"self":[{"href":"https:\/\/www.notiflashmexiquense.com.mx\/index.php?rest_route=\/wp\/v2\/posts\/7505","targetHints":{"allow":["GET"]}}],"collection":[{"href":"https:\/\/www.notiflashmexiquense.com.mx\/index.php?rest_route=\/wp\/v2\/posts"}],"about":[{"href":"https:\/\/www.notiflashmexiquense.com.mx\/index.php?rest_route=\/wp\/v2\/types\/post"}],"author":[{"embeddable":true,"href":"https:\/\/www.notiflashmexiquense.com.mx\/index.php?rest_route=\/wp\/v2\/users\/1"}],"replies":[{"embeddable":true,"href":"https:\/\/www.notiflashmexiquense.com.mx\/index.php?rest_route=%2Fwp%2Fv2%2Fcomments&post=7505"}],"version-history":[{"count":1,"href":"https:\/\/www.notiflashmexiquense.com.mx\/index.php?rest_route=\/wp\/v2\/posts\/7505\/revisions"}],"predecessor-version":[{"id":7507,"href":"https:\/\/www.notiflashmexiquense.com.mx\/index.php?rest_route=\/wp\/v2\/posts\/7505\/revisions\/7507"}],"wp:featuredmedia":[{"embeddable":true,"href":"https:\/\/www.notiflashmexiquense.com.mx\/index.php?rest_route=\/wp\/v2\/media\/7506"}],"wp:attachment":[{"href":"https:\/\/www.notiflashmexiquense.com.mx\/index.php?rest_route=%2Fwp%2Fv2%2Fmedia&parent=7505"}],"wp:term":[{"taxonomy":"category","embeddable":true,"href":"https:\/\/www.notiflashmexiquense.com.mx\/index.php?rest_route=%2Fwp%2Fv2%2Fcategories&post=7505"},{"taxonomy":"post_tag","embeddable":true,"href":"https:\/\/www.notiflashmexiquense.com.mx\/index.php?rest_route=%2Fwp%2Fv2%2Ftags&post=7505"}],"curies":[{"name":"wp","href":"https:\/\/api.w.org\/{rel}","templated":true}]}}