{"id":7502,"date":"2022-07-08T02:01:13","date_gmt":"2022-07-08T02:01:13","guid":{"rendered":"https:\/\/www.notiflashmexiquense.com.mx\/?p=7502"},"modified":"2022-07-08T02:01:15","modified_gmt":"2022-07-08T02:01:15","slug":"toma-protesta-nuevo-oficial-calificador-en-atizapan-de-zaragoza","status":"publish","type":"post","link":"https:\/\/www.notiflashmexiquense.com.mx\/?p=7502","title":{"rendered":"TOMA PROTESTA NUEVO OFICIAL CALIFICADOR EN ATIZAP\u00c1N DE ZARAGOZA"},"content":{"rendered":"\n<p>Durante la Vig\u00e9sima Segunda Sesi\u00f3n Ordinaria de Cabildo, el Presidente Municipal de Atizap\u00e1n de Zaragoza, Pedro Rodr\u00edguez Villegas, tom\u00f3 protesta a Osbaldo Castillo Rojas como nuevo Oficial Calificador adscrito al primer turno.<\/p>\n\n\n\n<p>Castillo Rojas cuenta con una Licenciatura en Derecho por la Universidad Aut\u00f3noma del Estado de M\u00e9xico (UAEM), una Maestr\u00eda en Administraci\u00f3n por el Colegio de Alta Direcci\u00f3n Empresarial (CADE) y una Especialidad en Derecho Procesal Electoral expedido por el Instituto Electoral del Estado de M\u00e9xico (IEEM), entre otros estudios.<\/p>\n\n\n\n<p>El nuevo Oficial Calificador ha sido catedr\u00e1tico en la materia de Derecho Administrativo, Proceso Administrativo, Derecho, y Derecho Laboral en la UAEM Valle de M\u00e9xico.<\/p>\n\n\n\n<p>Tambi\u00e9n ha laborado en diversas \u00e1reas del Organismo P\u00fablico Descentralizado para la Prestaci\u00f3n de Servicios de Agua Potable, Alcantarillado y Saneamiento de Atizap\u00e1n de Zaragoza (SAPASA), adem\u00e1s de haber sido encargado de Despacho de la Defensor\u00eda Municipal de Derechos Humanos, entre otros cargos, y de tener trayectoria en materia electoral.<\/p>\n","protected":false},"excerpt":{"rendered":"<p>Durante la Vig&eacute;sima Segunda Sesi&oacute;n Ordinaria de Cabildo, el Presidente Municipal de Atizap&aacute;n de Zaragoza,&#8230;<\/p>\n","protected":false},"author":1,"featured_media":7503,"comment_status":"closed","ping_status":"closed","sticky":false,"template":"","format":"standard","meta":{"footnotes":""},"categories":[45],"tags":[],"class_list":["post-7502","post","type-post","status-publish","format-standard","has-post-thumbnail","hentry","category-atizapan-de-zaragoza"],"_links":{"self":[{"href":"https:\/\/www.notiflashmexiquense.com.mx\/index.php?rest_route=\/wp\/v2\/posts\/7502","targetHints":{"allow":["GET"]}}],"collection":[{"href":"https:\/\/www.notiflashmexiquense.com.mx\/index.php?rest_route=\/wp\/v2\/posts"}],"about":[{"href":"https:\/\/www.notiflashmexiquense.com.mx\/index.php?rest_route=\/wp\/v2\/types\/post"}],"author":[{"embeddable":true,"href":"https:\/\/www.notiflashmexiquense.com.mx\/index.php?rest_route=\/wp\/v2\/users\/1"}],"replies":[{"embeddable":true,"href":"https:\/\/www.notiflashmexiquense.com.mx\/index.php?rest_route=%2Fwp%2Fv2%2Fcomments&post=7502"}],"version-history":[{"count":1,"href":"https:\/\/www.notiflashmexiquense.com.mx\/index.php?rest_route=\/wp\/v2\/posts\/7502\/revisions"}],"predecessor-version":[{"id":7504,"href":"https:\/\/www.notiflashmexiquense.com.mx\/index.php?rest_route=\/wp\/v2\/posts\/7502\/revisions\/7504"}],"wp:featuredmedia":[{"embeddable":true,"href":"https:\/\/www.notiflashmexiquense.com.mx\/index.php?rest_route=\/wp\/v2\/media\/7503"}],"wp:attachment":[{"href":"https:\/\/www.notiflashmexiquense.com.mx\/index.php?rest_route=%2Fwp%2Fv2%2Fmedia&parent=7502"}],"wp:term":[{"taxonomy":"category","embeddable":true,"href":"https:\/\/www.notiflashmexiquense.com.mx\/index.php?rest_route=%2Fwp%2Fv2%2Fcategories&post=7502"},{"taxonomy":"post_tag","embeddable":true,"href":"https:\/\/www.notiflashmexiquense.com.mx\/index.php?rest_route=%2Fwp%2Fv2%2Ftags&post=7502"}],"curies":[{"name":"wp","href":"https:\/\/api.w.org\/{rel}","templated":true}]}}