{"id":7499,"date":"2022-07-07T02:11:24","date_gmt":"2022-07-07T02:11:24","guid":{"rendered":"https:\/\/www.notiflashmexiquense.com.mx\/?p=7499"},"modified":"2022-07-07T02:11:25","modified_gmt":"2022-07-07T02:11:25","slug":"herminio-cahue-asistio-a-reunion-de-trabajo-con-dirigentes-del-pri-estatal","status":"publish","type":"post","link":"https:\/\/www.notiflashmexiquense.com.mx\/?p=7499","title":{"rendered":"Herminio Cahue asisti\u00f3 a reuni\u00f3n de trabajo con dirigentes del PRI estatal"},"content":{"rendered":"\n<p>Esta ma\u00f1ana, asist\u00ed a la reuni\u00f3n de trabajo convocada por la Comisi\u00f3n Estatal de Asuntos Obreros del PRI ESTADO DE M\u00c9XICO . Con la digna representaci\u00f3n del presidente del partido, Eric Sevilla Montes de Oca, la secretaria general del #CDE, Mar\u00eda Monserrath Sobreyra Santos, encabez\u00f3 la reuni\u00f3n de manera conjunta con el coordinador de la comisi\u00f3n, Armando Neyra Ch\u00e1vez.<\/p>\n\n\n\n<p>El movimiento obrero y la clase trabajadora se fortalecen a trav\u00e9s de la unidad.<\/p>\n\n\n\n<h4 class=\"wp-block-heading\">SindicalismoDeLaManoContigo<\/h4>\n\n\n\n<h4 class=\"wp-block-heading\">CuidemosTodosDeTodos<\/h4>\n","protected":false},"excerpt":{"rendered":"<p>Esta ma&ntilde;ana, asist&iacute; a la reuni&oacute;n de trabajo convocada por la Comisi&oacute;n Estatal de Asuntos&#8230;<\/p>\n","protected":false},"author":1,"featured_media":7500,"comment_status":"closed","ping_status":"closed","sticky":false,"template":"","format":"standard","meta":{"footnotes":""},"categories":[17],"tags":[],"class_list":["post-7499","post","type-post","status-publish","format-standard","has-post-thumbnail","hentry","category-suteym"],"_links":{"self":[{"href":"https:\/\/www.notiflashmexiquense.com.mx\/index.php?rest_route=\/wp\/v2\/posts\/7499","targetHints":{"allow":["GET"]}}],"collection":[{"href":"https:\/\/www.notiflashmexiquense.com.mx\/index.php?rest_route=\/wp\/v2\/posts"}],"about":[{"href":"https:\/\/www.notiflashmexiquense.com.mx\/index.php?rest_route=\/wp\/v2\/types\/post"}],"author":[{"embeddable":true,"href":"https:\/\/www.notiflashmexiquense.com.mx\/index.php?rest_route=\/wp\/v2\/users\/1"}],"replies":[{"embeddable":true,"href":"https:\/\/www.notiflashmexiquense.com.mx\/index.php?rest_route=%2Fwp%2Fv2%2Fcomments&post=7499"}],"version-history":[{"count":1,"href":"https:\/\/www.notiflashmexiquense.com.mx\/index.php?rest_route=\/wp\/v2\/posts\/7499\/revisions"}],"predecessor-version":[{"id":7501,"href":"https:\/\/www.notiflashmexiquense.com.mx\/index.php?rest_route=\/wp\/v2\/posts\/7499\/revisions\/7501"}],"wp:featuredmedia":[{"embeddable":true,"href":"https:\/\/www.notiflashmexiquense.com.mx\/index.php?rest_route=\/wp\/v2\/media\/7500"}],"wp:attachment":[{"href":"https:\/\/www.notiflashmexiquense.com.mx\/index.php?rest_route=%2Fwp%2Fv2%2Fmedia&parent=7499"}],"wp:term":[{"taxonomy":"category","embeddable":true,"href":"https:\/\/www.notiflashmexiquense.com.mx\/index.php?rest_route=%2Fwp%2Fv2%2Fcategories&post=7499"},{"taxonomy":"post_tag","embeddable":true,"href":"https:\/\/www.notiflashmexiquense.com.mx\/index.php?rest_route=%2Fwp%2Fv2%2Ftags&post=7499"}],"curies":[{"name":"wp","href":"https:\/\/api.w.org\/{rel}","templated":true}]}}