{"id":7489,"date":"2022-07-07T00:33:35","date_gmt":"2022-07-07T00:33:35","guid":{"rendered":"https:\/\/www.notiflashmexiquense.com.mx\/?p=7489"},"modified":"2022-07-07T00:33:36","modified_gmt":"2022-07-07T00:33:36","slug":"concluye-jornada-de-vacunacion-para-ninas-y-ninos-de-10-y-11-anos","status":"publish","type":"post","link":"https:\/\/www.notiflashmexiquense.com.mx\/?p=7489","title":{"rendered":"CONCLUYE JORNADA DE VACUNACI\u00d3N PARA NI\u00d1AS Y NI\u00d1OS DE 10 Y 11 A\u00d1OS"},"content":{"rendered":"\n<p><em>&#8211; M\u00e1s de 15 mil ni\u00f1as y ni\u00f1os izcallenses, fueron inmunizados<\/em><\/p>\n\n\n\n<p>El Gobierno Municipal de Cuautitl\u00e1n Izcalli que encabeza la presidenta Karla Fiesco Garc\u00eda, en coordinaci\u00f3n con personal del Gobierno Federal y el Instituto de Salud del Estado de M\u00e9xico (ISEM), concluyeron la jornada de vacunaci\u00f3n contra el COVID-19 para ni\u00f1as y ni\u00f1os de 10 y 11 a\u00f1os, a la que asistieron 15 mil 40 izcallenses acompa\u00f1ados por un adulto.<\/p>\n\n\n\n<p>Con gran afluencia de la ciudadan\u00eda que acudi\u00f3 de manera responsable, los izcallenses fueron inmunizados con el biol\u00f3gico Pfizer en el auditorio Enrique B\u00e1tiz, sede habilitada para la aplicaci\u00f3n durante los d\u00edas 30 de junio, 1, 4 y 5 de julio.<\/p>\n\n\n\n<p>Es importante se\u00f1alar que la inmunizaci\u00f3n es un ejercicio fundamental para la salud de la poblaci\u00f3n, por ello, el trabajo coordinado entre los tres niveles de gobierno permite disminuir un problema de salud p\u00fablica.<\/p>\n\n\n\n<p>De esta manera, el Gobierno Municipal agradece la participaci\u00f3n de todas y todos los que asistieron de forma ordenada y responsable, y exhorta a la poblaci\u00f3n a continuar con las medidas sanitarias como el uso de cubrebocas, gel antibacterial y mantener la sana distancia.<\/p>\n\n\n\n<p>Asimismo, los invita para que contin\u00faen informados, a trav\u00e9s de las redes oficiales del Gobierno Municipal, de las fechas para la aplicaci\u00f3n de la vacuna de los siguientes rangos de edad.<br>\u20140\u2014<\/p>\n","protected":false},"excerpt":{"rendered":"<p>&ndash; M&aacute;s de 15 mil ni&ntilde;as y ni&ntilde;os izcallenses, fueron inmunizados El Gobierno Municipal de&#8230;<\/p>\n","protected":false},"author":1,"featured_media":7490,"comment_status":"closed","ping_status":"closed","sticky":false,"template":"","format":"standard","meta":{"footnotes":""},"categories":[1],"tags":[],"class_list":["post-7489","post","type-post","status-publish","format-standard","has-post-thumbnail","hentry","category-noticias"],"_links":{"self":[{"href":"https:\/\/www.notiflashmexiquense.com.mx\/index.php?rest_route=\/wp\/v2\/posts\/7489","targetHints":{"allow":["GET"]}}],"collection":[{"href":"https:\/\/www.notiflashmexiquense.com.mx\/index.php?rest_route=\/wp\/v2\/posts"}],"about":[{"href":"https:\/\/www.notiflashmexiquense.com.mx\/index.php?rest_route=\/wp\/v2\/types\/post"}],"author":[{"embeddable":true,"href":"https:\/\/www.notiflashmexiquense.com.mx\/index.php?rest_route=\/wp\/v2\/users\/1"}],"replies":[{"embeddable":true,"href":"https:\/\/www.notiflashmexiquense.com.mx\/index.php?rest_route=%2Fwp%2Fv2%2Fcomments&post=7489"}],"version-history":[{"count":1,"href":"https:\/\/www.notiflashmexiquense.com.mx\/index.php?rest_route=\/wp\/v2\/posts\/7489\/revisions"}],"predecessor-version":[{"id":7491,"href":"https:\/\/www.notiflashmexiquense.com.mx\/index.php?rest_route=\/wp\/v2\/posts\/7489\/revisions\/7491"}],"wp:featuredmedia":[{"embeddable":true,"href":"https:\/\/www.notiflashmexiquense.com.mx\/index.php?rest_route=\/wp\/v2\/media\/7490"}],"wp:attachment":[{"href":"https:\/\/www.notiflashmexiquense.com.mx\/index.php?rest_route=%2Fwp%2Fv2%2Fmedia&parent=7489"}],"wp:term":[{"taxonomy":"category","embeddable":true,"href":"https:\/\/www.notiflashmexiquense.com.mx\/index.php?rest_route=%2Fwp%2Fv2%2Fcategories&post=7489"},{"taxonomy":"post_tag","embeddable":true,"href":"https:\/\/www.notiflashmexiquense.com.mx\/index.php?rest_route=%2Fwp%2Fv2%2Ftags&post=7489"}],"curies":[{"name":"wp","href":"https:\/\/api.w.org\/{rel}","templated":true}]}}