{"id":7483,"date":"2022-07-06T23:57:57","date_gmt":"2022-07-06T23:57:57","guid":{"rendered":"https:\/\/www.notiflashmexiquense.com.mx\/?p=7483"},"modified":"2022-07-06T23:57:58","modified_gmt":"2022-07-06T23:57:58","slug":"diputados-de-morena-apuestan-por-cambios-sustanciales-en-el-poder-judicial-en-pro-de-los-mexiquenses","status":"publish","type":"post","link":"https:\/\/www.notiflashmexiquense.com.mx\/?p=7483","title":{"rendered":"Diputados de Morena apuestan por cambios sustanciales en el Poder Judicial en pro de los mexiquenses"},"content":{"rendered":"\n<p>\u2714 Ariel Ju\u00e1rez plantea la creaci\u00f3n del \u00f3rgano aut\u00f3nomo del Instituto de la Defensor\u00eda P\u00fablica que estar\u00eda adscrito al Poder Judicial<\/p>\n\n\n\n<p>\u2714 Necesaria creaci\u00f3n de la Visitadur\u00eda General para supervisar y evaluar desempe\u00f1o de colaboradores del Poder Judicial: Gerardo Ulloa<\/p>\n\n\n\n<p>\u2714 Reconoce Ricardo Sodi que algunos cargos al interior del Poder Judicial se designaron por compadrazgos, amiguismos y padrinazgos<\/p>\n\n\n\n<p>Toluca, M\u00e9x., 6 de julio de 2022. Los diputados locales de Morena, Mario Ariel Ju\u00e1rez Rodr\u00edguez y Gerardo Ulloa P\u00e9rez, se pronunciaron a favor de emprender cambios profundos al interior del Poder Judicial estatal con el objetivo de garantizar a la poblaci\u00f3n mexiquense una justicia pronta, expedita, transparente e imparcial; donde no exista duda alguna del proceder de jueces y trabajadores judiciales en general.<\/p>\n\n\n\n<p>En el marco de los trabajos de las Comisiones Unidas de Gobernaci\u00f3n y Puntos Constitucionales con Procuraci\u00f3n y Administraci\u00f3n de Justicia, el presidente del Poder Judicial del Estado de M\u00e9xico, Ricardo Alfredo Sodi Cuellar, detall\u00f3 su propuesta de reforma a la Ley Org\u00e1nica de la instituci\u00f3n que encabeza, y los legisladores de Morena consideraron que a la justicia estatal le urge impulsar y habilitar procesos eficientes, as\u00ed como erradicar todo tipo de acto irregular y contar con personal de carrera que se distinga por su comportamiento \u00e9tico.<\/p>\n\n\n\n<p>El tambi\u00e9n presidente de la Comisi\u00f3n Especial del Sistema Penitenciario, Ariel Ju\u00e1rez, precis\u00f3 que entre algunas de sus propuestas para analizar, debatir y enriquecer lo planteado por el Poder Judicial, est\u00e1 la creaci\u00f3n de un \u00f3rgano aut\u00f3nomo desconcentrado que se denominar\u00eda Instituto de la Defensor\u00eda P\u00fabica y estar\u00eda adscrito al Consejo de la Judicatura del Poder Judicial estatal y ya no a la Secretar\u00eda de Derechos Humanos.<\/p>\n\n\n\n<p>\u201cSe considera necesario y prudente incorporar a la Defensor\u00eda P\u00fablica, como parte del Consejo de la Judicatura, con el fin de garantizar un contrapeso al Ejecutivo; lo anterior toda vez que el Poder Ejecutivo no puede ser juez y parte a la vez en el proceso de impartici\u00f3n de justicia\u201d, dijo el legislador de Morena al puntualizar que el nombramiento del director de dicho Instituto estar\u00eda a cargo por los integrantes del Consejo de la Judicatura.<\/p>\n\n\n\n<p>Otra de las propuestas, consisti\u00f3 en seguir manteniendo en la Ley Org\u00e1nica del Poder Judicial, que todo cargo de perito siga siendo ocupado s\u00f3lo por ciudadanos nacidos en M\u00e9xico, pues al eliminarse ese requisito se corre el riesgo de que extranjeros est\u00e9n participando en procesos jur\u00eddicos que pueden tener alg\u00fan tipo de consecuencia y\/o relaci\u00f3n con intereses de otros pa\u00edses; lo cual no ser\u00eda correcto.<\/p>\n\n\n\n<p>Asimismo, el diputado de Morena, Ariel Ju\u00e1rez, refiri\u00f3 que otro de sus planteamientos va encaminado a mantener en los lineamientos de la referida Ley que ning\u00fan Ministro de Culto llegue a ocupar cargos de impartici\u00f3n de justicia, porque tambi\u00e9n se corre el riesgo de que algunas determinaciones judiciales se empiecen a tomar a partir de la fe y no desde el \u00e1mbito del derecho, como se tiene que registrar.<\/p>\n\n\n\n<p>El legislador se pronunci\u00f3 a favor de iniciar un gran n\u00famero de mesas de trabajo y estudio para que cada art\u00edculo de la propuesta presentada por el Poder Judicial se analice a profundidad; planteamiento que Sodi Cuellar consider\u00f3 como viable y positivo.<\/p>\n\n\n\n<p>En su oportunidad, el presidente de la Comisi\u00f3n de Procuraci\u00f3n y Administraci\u00f3n de Justicia, Gerardo Ulloa P\u00e9rez, se congratul\u00f3 de que la iniciativa tenga figuras innovadoras para que la anhelada justicia imparcial, expedita, transparente y eficaz sea una realidad y no una idea te\u00f3rica en el Estado de M\u00e9xico.<\/p>\n\n\n\n<p>El diputado de Morena por Nezahualc\u00f3yotl, consider\u00f3 como positivo que el Poder Judicial mexiquense reconozca que la participaci\u00f3n de la ciudadan\u00eda mexiquense es necesaria en determinados asuntos y tramos de los procesos encaminados a la impartici\u00f3n de justicia.<\/p>\n\n\n\n<p>\u201cSer\u00eda prudente que podamos realizar un estudio detenido, sobre todo en lo referente al ingreso, permanencia y profesionalizaci\u00f3n de las personas que integran sus \u00f3rganos; considerando que son ellas de las que dependen, en el \u00e1mbito jurisdiccional, la administraci\u00f3n e impartici\u00f3n de justicia\u201d, dijo Gerardo Ulloa.<\/p>\n\n\n\n<p>En este tenor a\u00f1adi\u00f3 que la creaci\u00f3n de la Visitadur\u00eda General es necesaria para que se supervise y eval\u00fae el desempe\u00f1o de los trabajadores del Poder Judicial; as\u00ed como la habilitaci\u00f3n de una Sala de Asuntos Ind\u00edgenas, donde se atender\u00e1n de manera especializada casos particulares de dicho sector de la poblaci\u00f3n.<\/p>\n\n\n\n<p>Por \u00faltimo, expres\u00f3 al presidente del Poder Judicial que si su propuesta va encaminada a emprender un cambio profundo en la Instituci\u00f3n, seguramente contar\u00e1 con el respaldo de la comisi\u00f3n que preside.<\/p>\n\n\n\n<p>Es de destacar que, durante la exposici\u00f3n de su propuesta, el presidente del Poder Judicial, Ricardo Sodi Cuellar, reconoci\u00f3 que al tomar las riendas de la funci\u00f3n descubri\u00f3 que algunos cargos al interior de la instituci\u00f3n hab\u00edan sido otorgados y\/o designados a partir de amiguismos, compadrazgos y padrinazgos; y que meses atr\u00e1s tuvo que suspender a un Juez porque en su juzgado organiz\u00f3 un concurso de piernas; irregularidades y vicios que est\u00e1 tratando de combatir, dijo.<\/p>\n","protected":false},"excerpt":{"rendered":"<p>&#10004; Ariel Ju&aacute;rez plantea la creaci&oacute;n del &oacute;rgano aut&oacute;nomo del Instituto de la Defensor&iacute;a P&uacute;blica&#8230;<\/p>\n","protected":false},"author":1,"featured_media":7484,"comment_status":"closed","ping_status":"closed","sticky":false,"template":"","format":"standard","meta":{"footnotes":""},"categories":[42],"tags":[],"class_list":["post-7483","post","type-post","status-publish","format-standard","has-post-thumbnail","hentry","category-legislatura-mexiquense-nueva-etapa"],"_links":{"self":[{"href":"https:\/\/www.notiflashmexiquense.com.mx\/index.php?rest_route=\/wp\/v2\/posts\/7483","targetHints":{"allow":["GET"]}}],"collection":[{"href":"https:\/\/www.notiflashmexiquense.com.mx\/index.php?rest_route=\/wp\/v2\/posts"}],"about":[{"href":"https:\/\/www.notiflashmexiquense.com.mx\/index.php?rest_route=\/wp\/v2\/types\/post"}],"author":[{"embeddable":true,"href":"https:\/\/www.notiflashmexiquense.com.mx\/index.php?rest_route=\/wp\/v2\/users\/1"}],"replies":[{"embeddable":true,"href":"https:\/\/www.notiflashmexiquense.com.mx\/index.php?rest_route=%2Fwp%2Fv2%2Fcomments&post=7483"}],"version-history":[{"count":1,"href":"https:\/\/www.notiflashmexiquense.com.mx\/index.php?rest_route=\/wp\/v2\/posts\/7483\/revisions"}],"predecessor-version":[{"id":7485,"href":"https:\/\/www.notiflashmexiquense.com.mx\/index.php?rest_route=\/wp\/v2\/posts\/7483\/revisions\/7485"}],"wp:featuredmedia":[{"embeddable":true,"href":"https:\/\/www.notiflashmexiquense.com.mx\/index.php?rest_route=\/wp\/v2\/media\/7484"}],"wp:attachment":[{"href":"https:\/\/www.notiflashmexiquense.com.mx\/index.php?rest_route=%2Fwp%2Fv2%2Fmedia&parent=7483"}],"wp:term":[{"taxonomy":"category","embeddable":true,"href":"https:\/\/www.notiflashmexiquense.com.mx\/index.php?rest_route=%2Fwp%2Fv2%2Fcategories&post=7483"},{"taxonomy":"post_tag","embeddable":true,"href":"https:\/\/www.notiflashmexiquense.com.mx\/index.php?rest_route=%2Fwp%2Fv2%2Ftags&post=7483"}],"curies":[{"name":"wp","href":"https:\/\/api.w.org\/{rel}","templated":true}]}}