{"id":7477,"date":"2022-07-06T23:46:15","date_gmt":"2022-07-06T23:46:15","guid":{"rendered":"https:\/\/www.notiflashmexiquense.com.mx\/?p=7477"},"modified":"2022-07-06T23:46:16","modified_gmt":"2022-07-06T23:46:16","slug":"inviable-y-sin-futuro-iniciativa-de-gobiernos-de-coalicion-en-el-edomex-maurilio-hernandez","status":"publish","type":"post","link":"https:\/\/www.notiflashmexiquense.com.mx\/?p=7477","title":{"rendered":"Inviable y sin futuro iniciativa de gobiernos de coalici\u00f3n en el Edomex: Maurilio Hern\u00e1ndez"},"content":{"rendered":"\n<p>\uf0fc Morena no la respaldar\u00e1 y en la LXI Legislatura no se puede tomar un acuerdo para crear una ley, que constitucionalmente tendr\u00eda controversia<\/p>\n\n\n\n<p>\uf0fc El prop\u00f3sito de esta iniciativa, tal parece que es amarrar su cuota de poder o su parte del pastel<\/p>\n\n\n\n<p>\uf0fc El acuerdo que pueden hacer los partidos que van en coalici\u00f3n lo tienen que hacer en el terreno pol\u00edtico<\/p>\n\n\n\n<p>Toluca, M\u00e9x., 6 de julio de 2022. El presidente de la Junta de Coordinaci\u00f3n Pol\u00edtica de la LXI Legislatura, Maurilio Hern\u00e1ndez Gonz\u00e1lez calific\u00f3 de inviable y sin futuro, la iniciativa por parte de la oposici\u00f3n de querer legislar los gobiernos de coalici\u00f3n en el Estado de M\u00e9xico, \u201cprimero no tenemos ley, segundo querer forzar la creaci\u00f3n de una ley en estos tiempos y en un r\u00e9gimen presidencialista, no tiene futuro, por ello, reiter\u00f3, desde mi punto de vista, es inviable no estar\u00edamos en posici\u00f3n de respaldarla\u201d.<\/p>\n\n\n\n<p>El tambi\u00e9n coordinador del Grupo Parlamentario de Morena, apunt\u00f3, finalmente no se ha hecho un planteamiento formal a la Jucopo para efecto de ver, si esa iniciativa precluy\u00f3 y si ya, iniciar otra vez el procedimiento, no podemos impedir que entre a comisiones, el tema, ser\u00eda cu\u00e1l es la posici\u00f3n de cada grupo parlamentario, en el caso de Morena, no la respaldar\u00e1.<\/p>\n\n\n\n<p>El diputado se\u00f1al\u00f3 que los gobiernos de coalici\u00f3n normalmente son el resultado de un r\u00e9gimen parlamentario, de acuerdo a la composici\u00f3n del Congreso se determina la integraci\u00f3n de un gobierno de coalici\u00f3n, estamos en un r\u00e9gimen presidencialista, en la legislatura no podemos tomar un acuerdo para crear una ley, que constitucionalmente tendr\u00eda una controversia.<\/p>\n\n\n\n<p>Pero el prop\u00f3sito de esta iniciativa, asever\u00f3, tal parece que es amarrar su cuota de poder o su parte del pastel, por ello deben acordar previamente, cuando se registra una coalici\u00f3n, entra un convenio, y deben establecer los t\u00e9rminos de la misma.<\/p>\n\n\n\n<p>Aunque los protagonistas de la posible alianza PRD, PAN y PRI ya se pronunciaron a favor de los gobiernos de coalici\u00f3n, el legislador Maurilio Hern\u00e1ndez afirm\u00f3 que el acuerdo que puedan hacer los partidos que van en coalici\u00f3n lo tienen que hacer en el terreno pol\u00edtico, a nivel legislativo, en su opini\u00f3n, tiene que ser necesariamente dentro de un r\u00e9gimen parlamentario y no lo tenemos.<\/p>\n\n\n\n<p>Por ello, sugiri\u00f3 a los tres partidos, que se pongan de acuerdo y a que lleguen en su coalici\u00f3n con un acuerdo, que habr\u00e1n de honrar y cumplir, porque parece que el planteamiento del PRD, es para tener la garant\u00eda de que le cumplan.<\/p>\n\n\n\n<p>Y reiter\u00f3, la pol\u00edtica se hace sobre compromisos, y se honran, \u201cvoy a hacer un compromiso pol\u00edtico con quien tengo la certeza de que va a honrarlo, pero si no tienes certeza para que ando buscando otra f\u00f3rmula que realmente desde el punto de vista legal va a tener controversias\u201d, concluy\u00f3.<\/p>\n","protected":false},"excerpt":{"rendered":"<p>&#61692; Morena no la respaldar&aacute; y en la LXI Legislatura no se puede tomar un&#8230;<\/p>\n","protected":false},"author":1,"featured_media":7478,"comment_status":"closed","ping_status":"closed","sticky":false,"template":"","format":"standard","meta":{"footnotes":""},"categories":[42],"tags":[],"class_list":["post-7477","post","type-post","status-publish","format-standard","has-post-thumbnail","hentry","category-legislatura-mexiquense-nueva-etapa"],"_links":{"self":[{"href":"https:\/\/www.notiflashmexiquense.com.mx\/index.php?rest_route=\/wp\/v2\/posts\/7477","targetHints":{"allow":["GET"]}}],"collection":[{"href":"https:\/\/www.notiflashmexiquense.com.mx\/index.php?rest_route=\/wp\/v2\/posts"}],"about":[{"href":"https:\/\/www.notiflashmexiquense.com.mx\/index.php?rest_route=\/wp\/v2\/types\/post"}],"author":[{"embeddable":true,"href":"https:\/\/www.notiflashmexiquense.com.mx\/index.php?rest_route=\/wp\/v2\/users\/1"}],"replies":[{"embeddable":true,"href":"https:\/\/www.notiflashmexiquense.com.mx\/index.php?rest_route=%2Fwp%2Fv2%2Fcomments&post=7477"}],"version-history":[{"count":1,"href":"https:\/\/www.notiflashmexiquense.com.mx\/index.php?rest_route=\/wp\/v2\/posts\/7477\/revisions"}],"predecessor-version":[{"id":7479,"href":"https:\/\/www.notiflashmexiquense.com.mx\/index.php?rest_route=\/wp\/v2\/posts\/7477\/revisions\/7479"}],"wp:featuredmedia":[{"embeddable":true,"href":"https:\/\/www.notiflashmexiquense.com.mx\/index.php?rest_route=\/wp\/v2\/media\/7478"}],"wp:attachment":[{"href":"https:\/\/www.notiflashmexiquense.com.mx\/index.php?rest_route=%2Fwp%2Fv2%2Fmedia&parent=7477"}],"wp:term":[{"taxonomy":"category","embeddable":true,"href":"https:\/\/www.notiflashmexiquense.com.mx\/index.php?rest_route=%2Fwp%2Fv2%2Fcategories&post=7477"},{"taxonomy":"post_tag","embeddable":true,"href":"https:\/\/www.notiflashmexiquense.com.mx\/index.php?rest_route=%2Fwp%2Fv2%2Ftags&post=7477"}],"curies":[{"name":"wp","href":"https:\/\/api.w.org\/{rel}","templated":true}]}}