{"id":7474,"date":"2022-07-06T23:23:10","date_gmt":"2022-07-06T23:23:10","guid":{"rendered":"https:\/\/www.notiflashmexiquense.com.mx\/?p=7474"},"modified":"2022-07-06T23:23:11","modified_gmt":"2022-07-06T23:23:11","slug":"firman-en-atizapan-de-zaragoza-convenio-para-mejorar-justicia-administrativa-en-el-estado-de-mexico","status":"publish","type":"post","link":"https:\/\/www.notiflashmexiquense.com.mx\/?p=7474","title":{"rendered":"FIRMAN EN ATIZAP\u00c1N DE ZARAGOZA CONVENIO PARA MEJORAR JUSTICIA ADMINISTRATIVA EN EL ESTADO DE M\u00c9XICO"},"content":{"rendered":"\n<p>El Presidente Municipal de Atizap\u00e1n de Zaragoza, Pedro Rodr\u00edguez Villegas, acudi\u00f3 a la firma de un convenio de colaboraci\u00f3n entre la Secretar\u00eda General de Gobierno del Estado de M\u00e9xico y el Tribunal de Justicia Administrativa de la entidad mexiquense.<\/p>\n\n\n\n<p>Con esto, se formaliza la realizaci\u00f3n de actividades que tienen como finalidad el desarrollo municipal y la formaci\u00f3n y capacitaci\u00f3n en materia jur\u00eddica administrativa de los servidores p\u00fablicos municipales.<\/p>\n\n\n\n<p>\u201cHoy en d\u00eda, creo que todos los municipios tenemos problemas, precisamente, con temas de justicia laboral, de tr\u00e1mites administrativos y muchas veces no son porque no queramos resolver los temas, sino que lo que nos falta es capacitaci\u00f3n. Por eso agradezco mucho al Secretario General de Gobierno (Luis Felipe Puente Espinosa) que voltee sus ojos a todos los municipios del Estado de M\u00e9xico, dejando a un lado los colores partidistas y que haga una suma de esfuerzos con el Gobierno estatal para tratar de blindar nuestros municipios\u201d, celebr\u00f3 el Edil atizapense durante su intervenci\u00f3n en el Centro Cultural Luis Nishizawa.<\/p>\n\n\n\n<p>\u201cSe estudia para muchas cosas, para ser ingeniero, para ser doctor, pero no se estudia para ser Alcalde y hoy creo que es una obligaci\u00f3n para nosotros como Alcaldes ser responsables y exigir al personal que compone nuestras administraciones que se capacite para poder entregar mejores cuentas a la ciudadan\u00eda\u201d.<\/p>\n\n\n\n<p>Por su parte, Arlen Sui Jaime Merlos, Magistrada Presidenta del Tribunal de Justicia Administrativa del Estado de M\u00e9xico, destac\u00f3 que, desde que naci\u00f3 el Tribunal, hace 35 a\u00f1os, como Tribunal de lo Contencioso Administrativo, no se hab\u00eda suscrito un convenio de colaboraci\u00f3n con la Secretar\u00eda General de Gobierno.<\/p>\n\n\n\n<p>\u201cLa Secretar\u00eda General de Gobierno, el Municipio de Atizap\u00e1n de Zaragoza, la Subsecretar\u00eda de Desarrollo Municipal y, desde luego, los municipios que hoy se encuentran representados en coordinaci\u00f3n con el Tribunal de Justicia administrativa tenemos un objetivo en com\u00fan: sumar esfuerzos para atender a la ciudadan\u00eda de los 125 municipios que conforman nuestra entidad\u201d.<\/p>\n\n\n\n<p>Y Luis Felipe Puente Espinosa, Secretario General de Gobierno, resalt\u00f3 que este es un momento hist\u00f3rico en el Estado de M\u00e9xico. \u201cEl Tribunal ha recibido reconocimientos a nivel nacional. Cuando me propusieron la firma de este contrato, indiscutiblemente, lo aval\u00e9, para que, de alguna manera, consolid\u00e1ramos con el Tribunal un comportamiento mejor de todos los ayuntamientos\u201d.<\/p>\n\n\n\n<p>A la ceremonia acudieron presidentes municipales y funcionarios p\u00fablicos de las regiones Cuautitl\u00e1n Izcalli, Naucalpan, Tepotzotl\u00e1n, Tlalnepantla, Tultitl\u00e1n y Zumpango.<\/p>\n","protected":false},"excerpt":{"rendered":"<p>El Presidente Municipal de Atizap&aacute;n de Zaragoza, Pedro Rodr&iacute;guez Villegas, acudi&oacute; a la firma de&#8230;<\/p>\n","protected":false},"author":1,"featured_media":7475,"comment_status":"closed","ping_status":"closed","sticky":false,"template":"","format":"standard","meta":{"footnotes":""},"categories":[45],"tags":[],"class_list":["post-7474","post","type-post","status-publish","format-standard","has-post-thumbnail","hentry","category-atizapan-de-zaragoza"],"_links":{"self":[{"href":"https:\/\/www.notiflashmexiquense.com.mx\/index.php?rest_route=\/wp\/v2\/posts\/7474","targetHints":{"allow":["GET"]}}],"collection":[{"href":"https:\/\/www.notiflashmexiquense.com.mx\/index.php?rest_route=\/wp\/v2\/posts"}],"about":[{"href":"https:\/\/www.notiflashmexiquense.com.mx\/index.php?rest_route=\/wp\/v2\/types\/post"}],"author":[{"embeddable":true,"href":"https:\/\/www.notiflashmexiquense.com.mx\/index.php?rest_route=\/wp\/v2\/users\/1"}],"replies":[{"embeddable":true,"href":"https:\/\/www.notiflashmexiquense.com.mx\/index.php?rest_route=%2Fwp%2Fv2%2Fcomments&post=7474"}],"version-history":[{"count":1,"href":"https:\/\/www.notiflashmexiquense.com.mx\/index.php?rest_route=\/wp\/v2\/posts\/7474\/revisions"}],"predecessor-version":[{"id":7476,"href":"https:\/\/www.notiflashmexiquense.com.mx\/index.php?rest_route=\/wp\/v2\/posts\/7474\/revisions\/7476"}],"wp:featuredmedia":[{"embeddable":true,"href":"https:\/\/www.notiflashmexiquense.com.mx\/index.php?rest_route=\/wp\/v2\/media\/7475"}],"wp:attachment":[{"href":"https:\/\/www.notiflashmexiquense.com.mx\/index.php?rest_route=%2Fwp%2Fv2%2Fmedia&parent=7474"}],"wp:term":[{"taxonomy":"category","embeddable":true,"href":"https:\/\/www.notiflashmexiquense.com.mx\/index.php?rest_route=%2Fwp%2Fv2%2Fcategories&post=7474"},{"taxonomy":"post_tag","embeddable":true,"href":"https:\/\/www.notiflashmexiquense.com.mx\/index.php?rest_route=%2Fwp%2Fv2%2Ftags&post=7474"}],"curies":[{"name":"wp","href":"https:\/\/api.w.org\/{rel}","templated":true}]}}