{"id":7465,"date":"2022-07-06T03:04:09","date_gmt":"2022-07-06T03:04:09","guid":{"rendered":"https:\/\/www.notiflashmexiquense.com.mx\/?p=7465"},"modified":"2022-07-06T03:04:10","modified_gmt":"2022-07-06T03:04:10","slug":"cuautitlan-izcalli-busca-generar-vocacion-de-servicio-con-nuevo-codigo-de-etica","status":"publish","type":"post","link":"https:\/\/www.notiflashmexiquense.com.mx\/?p=7465","title":{"rendered":"CUAUTITL\u00c1N IZCALLI BUSCA GENERAR VOCACI\u00d3N DE SERVICIO CON NUEVO C\u00d3DIGO DE \u00c9TICA"},"content":{"rendered":"\n<p>*<em>El nuevo C\u00f3digo de \u00c9tica cuenta con principios y valores a fin de brindar un servicio de calidad para los izcallenses<\/em><\/p>\n\n\n\n<p>El Gobierno de Cuautitl\u00e1n Izcalli que encabeza Karla Leticia Fiesco Garc\u00eda, present\u00f3 esta ma\u00f1ana el C\u00f3digo de \u00c9tica de las Dependencias, \u00d3rganos Desconcentrados y Organismos Descentralizados de la Administraci\u00f3n P\u00fablica Municipal con el que pretende incrementar la cultura, integridad y buenos principios de las y los servidores p\u00fablicos en el Jard\u00edn del Arte del Parque de las Esculturas.<\/p>\n\n\n\n<p>Durante la presentaci\u00f3n del C\u00f3digo, la presidenta municipal se\u00f1al\u00f3 que en este instrumento \u00abse plasman los principios, los valores institucionales y reglas de integridad que todos vamos teniendo desde nuestro hogar y con ellas tenemos que seguir mostrando la calidad de servicio que queremos para las y los izcallenses\u201d, dijo.<\/p>\n\n\n\n<p>Asimismo, coment\u00f3 que este C\u00f3digo de \u00c9tica cuenta con los principios de honradez, lealtad, imparcialidad, eficiencia econ\u00f3mica, disciplina, profesionalismo, objetividad, rendici\u00f3n de cuentas, equidad, transversalidad, perspectiva de g\u00e9nero, la igualdad entre mujeres y hombres, el acceso a una vida libre de violencia, la certeza, la independencia, el inter\u00e9s superior de la ni\u00f1ez, la progresividad, la justicia, entre otros.<\/p>\n\n\n\n<p>La contralora municipal, Leticia Santana Morenata, explic\u00f3 que dicho C\u00f3digo de \u00c9tica tiene como objetivo que los servidores p\u00fablicos colaboren entre s\u00ed y propicien el trabajo en equipo para alcanzar los objetivos comunes previstos en los planes y programas de capacitaci\u00f3n, generando as\u00ed una plena vocaci\u00f3n de servicio en beneficio de la colectividad y confianza de los ciudadanos en sus dependencias.<\/p>\n\n\n\n<p>Por su parte, el director de Vinculaci\u00f3n Interinstitucional de la Secretar\u00eda Ejecutiva del Sistema Estatal Anticorrupci\u00f3n, Carlos Alberto Nava, felicit\u00f3 a la alcaldesa por encabezar este ejercicio que marca como actuar en el servicio p\u00fablico, \u201cel hecho de que la presidenta municipal est\u00e9 encabezando la firma de este C\u00f3digo de \u00c9tica es la receta para desarrollar este arte de gobernar todos juntos de forma armoniosa\u201d, mencion\u00f3.<\/p>\n\n\n\n<p>A la presentaci\u00f3n tambi\u00e9n asistieron el secretario del Ayuntamiento, Miguel \u00c1ngel Guti\u00e9rrez Pilloni; la tercera regidora, Stephany Moreno Rojas; la quinta regidora, Silvia Yaremi Nava Gonz\u00e1lez; el sexto regidor, Jos\u00e9 Antonio Luna Flores; la d\u00e9cima primera regidora, Adali Magali Mu\u00f1oz Zapata; el d\u00e9cimo segundo regidor, Fernando Garc\u00eda Cruz; la presidenta del SMDIF, Jessica Jacqueline VIllase\u00f1or Garc\u00eda; la directora del SMDIF, Isanami Paredes G\u00f3mez; el titular del IMPLAN, Alfredo Oropeza M\u00e9ndez; la directora de Administraci\u00f3n, Martha M\u00f3nica V\u00e1zquez Padr\u00f3n; el director de Servicios P\u00fablicos, Carlos Sald\u00edvar Gonz\u00e1lez; el director del IMJUCI, Luis Felipe de Jes\u00fas Huitr\u00f3n Gonz\u00e1lez; el director de INMUDECI, David Ram\u00edrez Zamudio; en representaci\u00f3n de Lindsay Olivia Mart\u00ednez, contralora de OPERAGUA, Alejandro S\u00e1nchez Becerril; la contralora del SMDIF, Rosario Elizabeth Rinc\u00f3n Plata; el coordinador de Anticorrupci\u00f3n, Jos\u00e9 Luis Mu\u00f1oz Herrera y el coordinador general de Comunicaci\u00f3n Social, Francisco G\u00f3mez Arias.<br>\u20140\u2014<\/p>\n","protected":false},"excerpt":{"rendered":"<p>*El nuevo C&oacute;digo de &Eacute;tica cuenta con principios y valores a fin de brindar un&#8230;<\/p>\n","protected":false},"author":1,"featured_media":7466,"comment_status":"closed","ping_status":"closed","sticky":false,"template":"","format":"standard","meta":{"footnotes":""},"categories":[1],"tags":[],"class_list":["post-7465","post","type-post","status-publish","format-standard","has-post-thumbnail","hentry","category-noticias"],"_links":{"self":[{"href":"https:\/\/www.notiflashmexiquense.com.mx\/index.php?rest_route=\/wp\/v2\/posts\/7465","targetHints":{"allow":["GET"]}}],"collection":[{"href":"https:\/\/www.notiflashmexiquense.com.mx\/index.php?rest_route=\/wp\/v2\/posts"}],"about":[{"href":"https:\/\/www.notiflashmexiquense.com.mx\/index.php?rest_route=\/wp\/v2\/types\/post"}],"author":[{"embeddable":true,"href":"https:\/\/www.notiflashmexiquense.com.mx\/index.php?rest_route=\/wp\/v2\/users\/1"}],"replies":[{"embeddable":true,"href":"https:\/\/www.notiflashmexiquense.com.mx\/index.php?rest_route=%2Fwp%2Fv2%2Fcomments&post=7465"}],"version-history":[{"count":1,"href":"https:\/\/www.notiflashmexiquense.com.mx\/index.php?rest_route=\/wp\/v2\/posts\/7465\/revisions"}],"predecessor-version":[{"id":7467,"href":"https:\/\/www.notiflashmexiquense.com.mx\/index.php?rest_route=\/wp\/v2\/posts\/7465\/revisions\/7467"}],"wp:featuredmedia":[{"embeddable":true,"href":"https:\/\/www.notiflashmexiquense.com.mx\/index.php?rest_route=\/wp\/v2\/media\/7466"}],"wp:attachment":[{"href":"https:\/\/www.notiflashmexiquense.com.mx\/index.php?rest_route=%2Fwp%2Fv2%2Fmedia&parent=7465"}],"wp:term":[{"taxonomy":"category","embeddable":true,"href":"https:\/\/www.notiflashmexiquense.com.mx\/index.php?rest_route=%2Fwp%2Fv2%2Fcategories&post=7465"},{"taxonomy":"post_tag","embeddable":true,"href":"https:\/\/www.notiflashmexiquense.com.mx\/index.php?rest_route=%2Fwp%2Fv2%2Ftags&post=7465"}],"curies":[{"name":"wp","href":"https:\/\/api.w.org\/{rel}","templated":true}]}}