{"id":7462,"date":"2022-07-06T02:26:38","date_gmt":"2022-07-06T02:26:38","guid":{"rendered":"https:\/\/www.notiflashmexiquense.com.mx\/?p=7462"},"modified":"2022-07-06T02:26:40","modified_gmt":"2022-07-06T02:26:40","slug":"marca-el-pri-su-agenda-de-trabajo-al-2023","status":"publish","type":"post","link":"https:\/\/www.notiflashmexiquense.com.mx\/?p=7462","title":{"rendered":"MARCA EL PRI SU AGENDA DE TRABAJO AL 2023"},"content":{"rendered":"\n<p>\u00b7&nbsp;&nbsp;&nbsp;&nbsp;&nbsp;&nbsp;<strong>La prioridad es ganar la elecci\u00f3n del Estado de M\u00e9xico, dijo el presidente estatal del PRI, Eric Sevilla.<\/strong><\/p>\n\n\n\n<p>El presidente del Comit\u00e9 Directivo Estatal (CDE) del PRI, Eric Sevilla, asegur\u00f3 que la ruta critica ante la elecci\u00f3n de gobernador est\u00e1 compuesta en primera instancia por la renovaci\u00f3n de las estructuras municipales y seccionales, la realizaci\u00f3n de foros para integrar una plataforma electoral y la consolidaci\u00f3n de una eventual alianza partidista para competir en el 2023.<\/p>\n\n\n\n<p>Al culminar su evaluaci\u00f3n para la integraci\u00f3n de los consejos pol\u00edticos municipales, el dirigente estatal dijo que el PRI tiene su propia agenda y camina en torno a sus tiempos que dedica al robustecimiento de cada c\u00e9lula partidista en los 125 municipios del Estado de M\u00e9xico.<\/p>\n\n\n\n<p>Cuestionado por los preparativos para afrontar los comicios del pr\u00f3ximo a\u00f1o, sostuvo que \u201cla renovaci\u00f3n del partido empez\u00f3 por los consejos de gobierno municipal porque siempre es bueno refrescarlos con inclusi\u00f3n de expresiones pol\u00edticas y que se encuentre representada toda la militancia del partido\u201d.<\/p>\n\n\n\n<p>Posteriormente, se continuar\u00e1 con los comit\u00e9s municipales y con los comit\u00e9s seccionales, \u201cvan caminando muy bien y esperamos terminar en un par de meses todo el proceso interno, con el fin de tener en tiempo y forma a toda la estructura que trabajar\u00e1 y cuya prioridad es ganar la elecci\u00f3n del Estado de M\u00e9xico\u201d.<\/p>\n\n\n\n<p>Asegur\u00f3 que hay condiciones para ganar la gubernatura con trabajo de la base militante y un liderazgo fuerte, y en su momento con una candidatura competitiva e intachable. De igual forma con una plataforma electoral que atienda las necesidades de los mexiquenses, a\u00f1adi\u00f3.<\/p>\n\n\n\n<p>En ese sentido, sostuvo que el PRI tambi\u00e9n est\u00e1 preparado para armar una plataforma electoral sustentada en una coalici\u00f3n partidista que responda a los temas de seguridad, oferta educativa, desarrollo econ\u00f3mico, entre otros temas relevantes para la sociedad.<\/p>\n\n\n\n<p>\u201cEstoy concentrado en realizar un proceso de fortalecimiento interno de acuerdo a lo presentado ante el consejo pol\u00edtico y estamos cumpliendo a cabalidad, con el fin de dar un resultado en la organizaci\u00f3n interna y trabajo con la militancia\u201d, finaliz\u00f3.<\/p>\n","protected":false},"excerpt":{"rendered":"<p>&middot;&nbsp;&nbsp;&nbsp;&nbsp;&nbsp;&nbsp;La prioridad es ganar la elecci&oacute;n del Estado de M&eacute;xico, dijo el presidente estatal del&#8230;<\/p>\n","protected":false},"author":1,"featured_media":7463,"comment_status":"closed","ping_status":"closed","sticky":false,"template":"","format":"standard","meta":{"footnotes":""},"categories":[65],"tags":[],"class_list":["post-7462","post","type-post","status-publish","format-standard","has-post-thumbnail","hentry","category-pri-estado-de-mexico"],"_links":{"self":[{"href":"https:\/\/www.notiflashmexiquense.com.mx\/index.php?rest_route=\/wp\/v2\/posts\/7462","targetHints":{"allow":["GET"]}}],"collection":[{"href":"https:\/\/www.notiflashmexiquense.com.mx\/index.php?rest_route=\/wp\/v2\/posts"}],"about":[{"href":"https:\/\/www.notiflashmexiquense.com.mx\/index.php?rest_route=\/wp\/v2\/types\/post"}],"author":[{"embeddable":true,"href":"https:\/\/www.notiflashmexiquense.com.mx\/index.php?rest_route=\/wp\/v2\/users\/1"}],"replies":[{"embeddable":true,"href":"https:\/\/www.notiflashmexiquense.com.mx\/index.php?rest_route=%2Fwp%2Fv2%2Fcomments&post=7462"}],"version-history":[{"count":1,"href":"https:\/\/www.notiflashmexiquense.com.mx\/index.php?rest_route=\/wp\/v2\/posts\/7462\/revisions"}],"predecessor-version":[{"id":7464,"href":"https:\/\/www.notiflashmexiquense.com.mx\/index.php?rest_route=\/wp\/v2\/posts\/7462\/revisions\/7464"}],"wp:featuredmedia":[{"embeddable":true,"href":"https:\/\/www.notiflashmexiquense.com.mx\/index.php?rest_route=\/wp\/v2\/media\/7463"}],"wp:attachment":[{"href":"https:\/\/www.notiflashmexiquense.com.mx\/index.php?rest_route=%2Fwp%2Fv2%2Fmedia&parent=7462"}],"wp:term":[{"taxonomy":"category","embeddable":true,"href":"https:\/\/www.notiflashmexiquense.com.mx\/index.php?rest_route=%2Fwp%2Fv2%2Fcategories&post=7462"},{"taxonomy":"post_tag","embeddable":true,"href":"https:\/\/www.notiflashmexiquense.com.mx\/index.php?rest_route=%2Fwp%2Fv2%2Ftags&post=7462"}],"curies":[{"name":"wp","href":"https:\/\/api.w.org\/{rel}","templated":true}]}}