{"id":7459,"date":"2022-07-05T23:16:51","date_gmt":"2022-07-05T23:16:51","guid":{"rendered":"https:\/\/www.notiflashmexiquense.com.mx\/?p=7459"},"modified":"2022-07-05T23:16:53","modified_gmt":"2022-07-05T23:16:53","slug":"entrega-uaem-constancias-de-evaluacion-en-competencias-laborales-de-empleados","status":"publish","type":"post","link":"https:\/\/www.notiflashmexiquense.com.mx\/?p=7459","title":{"rendered":"ENTREGA UAEM CONSTANCIAS DE EVALUACI\u00d3N EN COMPETENCIAS LABORALES DE EMPLEADOS"},"content":{"rendered":"\n<p>Despu\u00e9s de un proceso de diagn\u00f3stico y capacitaci\u00f3n, la Universidad Aut\u00f3noma del Estado de M\u00e9xico (UAEM), entreg\u00f3 las constancias de evaluaci\u00f3n en Certificaci\u00f3n de Competencias Laborales, en la que intervinieron empleados de las diversas \u00e1reas de la Administraci\u00f3n Municipal de Atizap\u00e1n de Zaragoza.<\/p>\n\n\n\n<p>Para obtener la Certificaci\u00f3n de Competencias Laborales EC0105, Atenci\u00f3n al Ciudadano del Sector P\u00fablico, que expide el Consejo Nacional de Normalizaci\u00f3n y Certificaci\u00f3n de Competencias Laborales (CONOCER) participaron poco m\u00e1s de 500 servidores p\u00fablicos durante los meses de febrero y abril.<\/p>\n\n\n\n<p>El Alcalde, Pedro Rodr\u00edguez Villegas, destac\u00f3 que uno de sus principales compromisos al asumir la Presidencia Municipal ha sido buscar que los servidores p\u00fablicos ofrezcan servicios de calidad a trav\u00e9s de una atenci\u00f3n eficiente y asertiva a las y los atizapenses<\/p>\n\n\n\n<p>\u201cPara mi es muy importante la calidad del servicio, la atenci\u00f3n al ciudadano. La \u00fanica manera de cambiar esa mala imagen que tiene el servidor p\u00fablico es la capacitaci\u00f3n y estar mejor preparados.<\/p>\n\n\n\n<p>\u201cCon las acciones que hemos venido implementando, los trabajadores cuentan con las herramientas que les permitir\u00e1n brindar un mejor servicio a los ciudadanos, atacando una vieja costumbre del gobierno que es la falta de capacitaci\u00f3n\u201d, destac\u00f3 Rodr\u00edguez Villegas.<\/p>\n\n\n\n<p>Rodr\u00edguez Villegas celebr\u00f3 el esfuerzo realizado entre el Gobierno Municipal, La UAEM y el Gobierno del Estado de M\u00e9xico que tienen como finalidad buscar que los empleados de la administraci\u00f3n municipal sean cada d\u00eda m\u00e1s profesionales en su trabajo y erradicar posibles actos de corrupci\u00f3n.<\/p>\n\n\n\n<p>Por su parte, la coordinadora del Proyecto de Atenci\u00f3n Ciudadana, Adriana Fuentes Su\u00e1rez, destac\u00f3 que en los \u00faltimos meses, los trabajadores del Ayuntamiento se han sometido a un proceso de diagn\u00f3stico y capacitaci\u00f3n y que, actualmente el se encuentra en etapa de conformaci\u00f3n de un portafolio de evidencias de los participantes.<\/p>\n\n\n\n<p>Tras validar cada portafolio y dar el juicio correspondiente a las personas que cumplieron de manera satisfactoria, se entregar\u00e1n las evaluaciones o certificaciones, que ser\u00e1n expedidas por el (CONOCER).<\/p>\n\n\n\n<p>\u201cEl est\u00e1ndar de competencia, describe lo que son los procedimientos y lo que son las habilidades y destrezas y actitudes con las que debe contar una persona para ejecutar una actividad laboral con un alto nivel de desempe\u00f1o, a trav\u00e9s de un documento oficial que sirve como referente para evaluar y certificar las competencias de una persona\u201d, acot\u00f3 Fuentes Su\u00e1rez.<\/p>\n\n\n\n<p>Francisco Camacho Z\u00e1rate, Jefe del Departamento de Educaci\u00f3n Continua de la UAEM, quien acudi\u00f3 en representaci\u00f3n del Director, Alberto Torres, hizo entrega a cada encargado de \u00e1rea las correspondientes Constancias de Evaluaci\u00f3n de Competencias Laborales.<\/p>\n","protected":false},"excerpt":{"rendered":"<p>Despu&eacute;s de un proceso de diagn&oacute;stico y capacitaci&oacute;n, la Universidad Aut&oacute;noma del Estado de M&eacute;xico&#8230;<\/p>\n","protected":false},"author":1,"featured_media":7460,"comment_status":"closed","ping_status":"closed","sticky":false,"template":"","format":"standard","meta":{"footnotes":""},"categories":[45],"tags":[],"class_list":["post-7459","post","type-post","status-publish","format-standard","has-post-thumbnail","hentry","category-atizapan-de-zaragoza"],"_links":{"self":[{"href":"https:\/\/www.notiflashmexiquense.com.mx\/index.php?rest_route=\/wp\/v2\/posts\/7459","targetHints":{"allow":["GET"]}}],"collection":[{"href":"https:\/\/www.notiflashmexiquense.com.mx\/index.php?rest_route=\/wp\/v2\/posts"}],"about":[{"href":"https:\/\/www.notiflashmexiquense.com.mx\/index.php?rest_route=\/wp\/v2\/types\/post"}],"author":[{"embeddable":true,"href":"https:\/\/www.notiflashmexiquense.com.mx\/index.php?rest_route=\/wp\/v2\/users\/1"}],"replies":[{"embeddable":true,"href":"https:\/\/www.notiflashmexiquense.com.mx\/index.php?rest_route=%2Fwp%2Fv2%2Fcomments&post=7459"}],"version-history":[{"count":1,"href":"https:\/\/www.notiflashmexiquense.com.mx\/index.php?rest_route=\/wp\/v2\/posts\/7459\/revisions"}],"predecessor-version":[{"id":7461,"href":"https:\/\/www.notiflashmexiquense.com.mx\/index.php?rest_route=\/wp\/v2\/posts\/7459\/revisions\/7461"}],"wp:featuredmedia":[{"embeddable":true,"href":"https:\/\/www.notiflashmexiquense.com.mx\/index.php?rest_route=\/wp\/v2\/media\/7460"}],"wp:attachment":[{"href":"https:\/\/www.notiflashmexiquense.com.mx\/index.php?rest_route=%2Fwp%2Fv2%2Fmedia&parent=7459"}],"wp:term":[{"taxonomy":"category","embeddable":true,"href":"https:\/\/www.notiflashmexiquense.com.mx\/index.php?rest_route=%2Fwp%2Fv2%2Fcategories&post=7459"},{"taxonomy":"post_tag","embeddable":true,"href":"https:\/\/www.notiflashmexiquense.com.mx\/index.php?rest_route=%2Fwp%2Fv2%2Ftags&post=7459"}],"curies":[{"name":"wp","href":"https:\/\/api.w.org\/{rel}","templated":true}]}}