{"id":7455,"date":"2022-07-05T22:46:39","date_gmt":"2022-07-05T22:46:39","guid":{"rendered":"https:\/\/www.notiflashmexiquense.com.mx\/?p=7455"},"modified":"2022-07-05T22:46:41","modified_gmt":"2022-07-05T22:46:41","slug":"evitan-suicidio-policias-de-naucalpan","status":"publish","type":"post","link":"https:\/\/www.notiflashmexiquense.com.mx\/?p=7455","title":{"rendered":"EVITAN SUICIDIO POLIC\u00cdAS DE NAUCALPAN\u00a0"},"content":{"rendered":"\n<p>La oportuna intervenci\u00f3n de elementos de la Direcci\u00f3n de Seguridad Ciudadana y Tr\u00e1nsito Municipal de Naucalpan evit\u00f3 que un joven que al parecer padec\u00eda de un trastorno depresivo se suicidara arroj\u00e1ndose desde un puente peatonal.<\/p>\n\n\n\n<p>El comisario Pablo Francisco Rosas Olmos inform\u00f3 que alrededor de las 21:00 horas del lunes una persona solicit\u00f3 el apoyo porque un hombre amenazaba con quitarse la vida cuando se encontraba en lo alto de un puente de Calzada San Esteban, ubicado en la zona sur del municipio.<\/p>\n\n\n\n<p>Polic\u00edas municipales acudieron inmediatamente en su auxilio, por varios minutos y de diversas maneras intentaron disuadir al joven quien sufr\u00eda de depresi\u00f3n, seg\u00fan el testimonio de sus familiares, y finalmente lograron convencerlo de no arrojarse y se evit\u00f3 la tragedia.<\/p>\n\n\n\n<p>El hombre fue valorado por integrantes de la Polic\u00eda de G\u00e9nero que ratificaron que el hombre de 27 a\u00f1os de edad estaba en buen estado f\u00edsico; posteriormente recibi\u00f3 ayuda profesional de personal calificado de la dependencia.<\/p>\n","protected":false},"excerpt":{"rendered":"<p>La oportuna intervenci&oacute;n de elementos de la Direcci&oacute;n de Seguridad Ciudadana y Tr&aacute;nsito Municipal de&#8230;<\/p>\n","protected":false},"author":1,"featured_media":7456,"comment_status":"closed","ping_status":"closed","sticky":false,"template":"","format":"standard","meta":{"footnotes":""},"categories":[45],"tags":[],"class_list":["post-7455","post","type-post","status-publish","format-standard","has-post-thumbnail","hentry","category-atizapan-de-zaragoza"],"_links":{"self":[{"href":"https:\/\/www.notiflashmexiquense.com.mx\/index.php?rest_route=\/wp\/v2\/posts\/7455","targetHints":{"allow":["GET"]}}],"collection":[{"href":"https:\/\/www.notiflashmexiquense.com.mx\/index.php?rest_route=\/wp\/v2\/posts"}],"about":[{"href":"https:\/\/www.notiflashmexiquense.com.mx\/index.php?rest_route=\/wp\/v2\/types\/post"}],"author":[{"embeddable":true,"href":"https:\/\/www.notiflashmexiquense.com.mx\/index.php?rest_route=\/wp\/v2\/users\/1"}],"replies":[{"embeddable":true,"href":"https:\/\/www.notiflashmexiquense.com.mx\/index.php?rest_route=%2Fwp%2Fv2%2Fcomments&post=7455"}],"version-history":[{"count":1,"href":"https:\/\/www.notiflashmexiquense.com.mx\/index.php?rest_route=\/wp\/v2\/posts\/7455\/revisions"}],"predecessor-version":[{"id":7457,"href":"https:\/\/www.notiflashmexiquense.com.mx\/index.php?rest_route=\/wp\/v2\/posts\/7455\/revisions\/7457"}],"wp:featuredmedia":[{"embeddable":true,"href":"https:\/\/www.notiflashmexiquense.com.mx\/index.php?rest_route=\/wp\/v2\/media\/7456"}],"wp:attachment":[{"href":"https:\/\/www.notiflashmexiquense.com.mx\/index.php?rest_route=%2Fwp%2Fv2%2Fmedia&parent=7455"}],"wp:term":[{"taxonomy":"category","embeddable":true,"href":"https:\/\/www.notiflashmexiquense.com.mx\/index.php?rest_route=%2Fwp%2Fv2%2Fcategories&post=7455"},{"taxonomy":"post_tag","embeddable":true,"href":"https:\/\/www.notiflashmexiquense.com.mx\/index.php?rest_route=%2Fwp%2Fv2%2Ftags&post=7455"}],"curies":[{"name":"wp","href":"https:\/\/api.w.org\/{rel}","templated":true}]}}