{"id":7434,"date":"2022-07-04T22:26:38","date_gmt":"2022-07-04T22:26:38","guid":{"rendered":"https:\/\/www.notiflashmexiquense.com.mx\/?p=7434"},"modified":"2022-07-04T22:26:40","modified_gmt":"2022-07-04T22:26:40","slug":"vacuna-contra-covid-a-ninos-de-10-y-11-anos-en-tres-sedes-de-naucalpan","status":"publish","type":"post","link":"https:\/\/www.notiflashmexiquense.com.mx\/?p=7434","title":{"rendered":"VACUNA CONTRA COVID A NI\u00d1OS DE 10 Y 11 A\u00d1OS EN TRES SEDES DE NAUCALPAN"},"content":{"rendered":"\n<p>Del 6 al 8 de julio se realizar\u00e1 en Naucalpan la jornada de vacunaci\u00f3n contra COVID-19 para ni\u00f1os de 10 y 11 a\u00f1os de edad, quienes recibir\u00e1n la primera dosis del biol\u00f3gico Pfizer en tres sedes: Parque Naucalli, CEAPS \u2018Nicol\u00e1s Bravo\u2019 y el Deportivo Benito Ju\u00e1rez.<\/p>\n\n\n\n<p>Para recibir la dosis, los menores deber\u00e1n estar acompa\u00f1ados de un adulto, preferentemente su madre, padre o tutor, en horario de 9:00 a 16:00 horas, en cualquiera de las sedes instaladas por el gobierno federal, en coordinaci\u00f3n con autoridades del Estado de M\u00e9xico y Naucalpan.<\/p>\n\n\n\n<p>Ser\u00e1n establecidos m\u00f3dulos de aplicaci\u00f3n del biol\u00f3gico en el Parque Naucalli, ubicado en Boulevard Manuel \u00c1vila Camacho; Centro Especializado de Atenci\u00f3n Primaria a la Salud (CEAPS) \u2018Nicol\u00e1s Bravo\u2019, en la colonia Las Huertas, y Deportivo \u2018Benito Ju\u00e1rez\u2019, en la comunidad del mismo nombre.<\/p>\n\n\n\n<p>La vacunaci\u00f3n se realizar\u00e1 de acuerdo a la letra inicial del primer apellido y \u00fanicamente ser\u00e1n inmunizados menores que vivan en Naucalpan, quienes deben presentar CURP o acta de nacimiento, comprobante de domicilio y el expediente impreso con c\u00f3digo QR del sitio www.mivacuna.salud.gob.mx.<\/p>\n\n\n\n<p>La vacuna es segura y gratuita. No es necesario llegar durante la madrugada a los m\u00f3dulos de aplicaci\u00f3n, se debe evitar provocar aglomeraciones, adem\u00e1s de acudir desayunados y en caso de tratamiento tomar puntualmente sus medicamentos.<\/p>\n\n\n\n<p>Las autoridades exhortaron a la poblaci\u00f3n a continuar con las medidas preventivas recomendadas, sobre todo el uso correcto del cubrebocas, lavado de manos y mantener la sana distancia.<\/p>\n\n\n\n<p>El pr\u00f3ximo 6 de julio ser\u00e1n inmunizados los menores cuya letra de su primer apellido inicie con A, B, C, D, E, F, G, H e I; el 7 de julio toca a J, K, L, M, N, \u00d1, O, P y Q, y el 8 de julio corresponde a R, S, T, U, V, W, X, Y y Z.<\/p>\n","protected":false},"excerpt":{"rendered":"<p>Del 6 al 8 de julio se realizar&aacute; en Naucalpan la jornada de vacunaci&oacute;n contra&#8230;<\/p>\n","protected":false},"author":1,"featured_media":7435,"comment_status":"closed","ping_status":"closed","sticky":false,"template":"","format":"standard","meta":{"footnotes":""},"categories":[45],"tags":[],"class_list":["post-7434","post","type-post","status-publish","format-standard","has-post-thumbnail","hentry","category-atizapan-de-zaragoza"],"_links":{"self":[{"href":"https:\/\/www.notiflashmexiquense.com.mx\/index.php?rest_route=\/wp\/v2\/posts\/7434","targetHints":{"allow":["GET"]}}],"collection":[{"href":"https:\/\/www.notiflashmexiquense.com.mx\/index.php?rest_route=\/wp\/v2\/posts"}],"about":[{"href":"https:\/\/www.notiflashmexiquense.com.mx\/index.php?rest_route=\/wp\/v2\/types\/post"}],"author":[{"embeddable":true,"href":"https:\/\/www.notiflashmexiquense.com.mx\/index.php?rest_route=\/wp\/v2\/users\/1"}],"replies":[{"embeddable":true,"href":"https:\/\/www.notiflashmexiquense.com.mx\/index.php?rest_route=%2Fwp%2Fv2%2Fcomments&post=7434"}],"version-history":[{"count":1,"href":"https:\/\/www.notiflashmexiquense.com.mx\/index.php?rest_route=\/wp\/v2\/posts\/7434\/revisions"}],"predecessor-version":[{"id":7436,"href":"https:\/\/www.notiflashmexiquense.com.mx\/index.php?rest_route=\/wp\/v2\/posts\/7434\/revisions\/7436"}],"wp:featuredmedia":[{"embeddable":true,"href":"https:\/\/www.notiflashmexiquense.com.mx\/index.php?rest_route=\/wp\/v2\/media\/7435"}],"wp:attachment":[{"href":"https:\/\/www.notiflashmexiquense.com.mx\/index.php?rest_route=%2Fwp%2Fv2%2Fmedia&parent=7434"}],"wp:term":[{"taxonomy":"category","embeddable":true,"href":"https:\/\/www.notiflashmexiquense.com.mx\/index.php?rest_route=%2Fwp%2Fv2%2Fcategories&post=7434"},{"taxonomy":"post_tag","embeddable":true,"href":"https:\/\/www.notiflashmexiquense.com.mx\/index.php?rest_route=%2Fwp%2Fv2%2Ftags&post=7434"}],"curies":[{"name":"wp","href":"https:\/\/api.w.org\/{rel}","templated":true}]}}